{"id":5017,"date":"2023-11-22T20:15:00","date_gmt":"2023-11-22T19:15:00","guid":{"rendered":"https:\/\/fiks.ba\/?p=5017"},"modified":"2023-11-22T20:11:47","modified_gmt":"2023-11-22T19:11:47","slug":"zbog-kvara-na-instalacijama-1-162-stana-u-sarajevskom-naselju-svrakino-selo-nema-grijanja","status":"publish","type":"post","link":"https:\/\/fiks.ba\/index.php\/2023\/11\/22\/zbog-kvara-na-instalacijama-1-162-stana-u-sarajevskom-naselju-svrakino-selo-nema-grijanja\/","title":{"rendered":"Zbog kvara na instalacijama 1.162 stana u sarajevskom naselju \u0160vrakino Selo nema grijanja"},"content":{"rendered":"\n<p class=\"wp-block-paragraph\"><strong>Zbog curenja tehnolo\u0161ke vode na vrelovodu, u sarajevskom naselju \u0160vrakino selo danas su 1.162 stana ostala bez grijanja.<\/strong><\/p>\n\n\n\n<p class=\"wp-block-paragraph\">Kako je navedeno na zvani\u010dnoj stranici preduze\u0107a Toplane Sarajevo, bez grijanja su trenutno: Osnovna \u0161kola D\u017eemaludin \u010cau\u0161evi\u0107, Policijska Uprava Novi Grad, Vrti\u0107 Dje\u010diji grad, trgova\u010dki centar Merkator, te ulice Prvomajska i to brojevi: jedan, dva, tri, \u010detiri, pet, \u0161est, sedam osam, devet, 10, 11, 12, 13, 14, 15, 17, 18, 19, 20, 21, 23, 25, 27, 29, 31, 33, 35, 37, 39, 41, 43, 45, 47, 49, 51, Majdanska 21 i 23, kao i Safeta Had\u017ei\u0107a 86, 88 i 90.<\/p>\n\n\n\n<figure class=\"wp-block-image size-full\"><img loading=\"lazy\" decoding=\"async\" width=\"1600\" height=\"1000\" src=\"https:\/\/fiks.ba\/wp-content\/uploads\/2023\/11\/grijanje.jpg\" alt=\"\" class=\"wp-image-5018\"\/><figcaption class=\"wp-element-caption\">05.11.2018., Karlovac &#8211; Hladni radijatori. Photo: Kristina Stedul Fabac\/PIXSELL<\/figcaption><\/figure>\n\n\n\n<p class=\"wp-block-paragraph\">De\u017eurni dispe\u010der kratko nam je rekao kako je kvar izbio na instalacijama, da su ekipe na terenu te da poku\u0161avaju otkloniti kvar.<\/p>\n\n\n\n<p class=\"wp-block-paragraph\">Dispe\u010der nije mogao kazati da li \u0107e u toku ve\u010deri kvar biti otklonjen niti kada bi stanovnici pomenutih ulica mogli ponovo imati zagrijane radijatore.<\/p>\n","protected":false},"excerpt":{"rendered":"<p>Zbog curenja tehnolo\u0161ke vode na vrelovodu, u sarajevskom naselju \u0160vrakino selo danas su 1.162 stana ostala bez grijanja. Kako je navedeno na zvani\u010dnoj stranici preduze\u0107a Toplane Sarajevo, bez grijanja su trenutno: Osnovna \u0161kola D\u017eemaludin \u010cau\u0161evi\u0107, Policijska Uprava Novi Grad, Vrti\u0107 Dje\u010diji grad, trgova\u010dki centar Merkator, te ulice Prvomajska i to brojevi: jedan, dva, tri, \u010detiri, &hellip;<\/p>\n","protected":false},"author":2,"featured_media":5019,"comment_status":"open","ping_status":"open","sticky":false,"template":"","format":"standard","meta":{"_jetpack_newsletter_access":"","_jetpack_dont_email_post_to_subs":false,"_jetpack_newsletter_tier_id":0,"_jetpack_memberships_contains_paywalled_content":false,"_jetpack_feature_clip_id":0,"_jetpack_memberships_contains_paid_content":false,"footnotes":"","jetpack_publicize_message":"","jetpack_publicize_feature_enabled":true,"jetpack_social_post_already_shared":true,"jetpack_social_options":{"image_generator_settings":{"template":"highway","default_image_id":0,"font":"","enabled":false},"version":2},"jetpack_post_was_ever_published":false},"categories":[17],"tags":[1906,1907,1908],"class_list":["post-5017","post","type-post","status-publish","format-standard","has-post-thumbnail","hentry","category-bih","tag-grijanje","tag-radijatori","tag-svrakino-selo"],"yoast_head":"<!-- This site is optimized with the Yoast SEO plugin v27.8 - https:\/\/yoast.com\/product\/yoast-seo-wordpress\/ -->\n<title>Zbog kvara na instalacijama 1.162 stana u sarajevskom naselju \u0160vrakino Selo nema grijanja - Fiks.ba<\/title>\n<meta name=\"robots\" content=\"index, follow, max-snippet:-1, max-image-preview:large, max-video-preview:-1\" \/>\n<link rel=\"canonical\" href=\"https:\/\/fiks.ba\/index.php\/2023\/11\/22\/zbog-kvara-na-instalacijama-1-162-stana-u-sarajevskom-naselju-svrakino-selo-nema-grijanja\/\" \/>\n<meta property=\"og:locale\" content=\"bs_BA\" \/>\n<meta property=\"og:type\" content=\"article\" \/>\n<meta property=\"og:title\" content=\"Zbog kvara na instalacijama 1.162 stana u sarajevskom naselju \u0160vrakino Selo nema grijanja - Fiks.ba\" \/>\n<meta property=\"og:description\" content=\"Zbog curenja tehnolo\u0161ke vode na vrelovodu, u sarajevskom naselju \u0160vrakino selo danas su 1.162 stana ostala bez grijanja. Kako je navedeno na zvani\u010dnoj stranici preduze\u0107a Toplane Sarajevo, bez grijanja su trenutno: Osnovna \u0161kola D\u017eemaludin \u010cau\u0161evi\u0107, Policijska Uprava Novi Grad, Vrti\u0107 Dje\u010diji grad, trgova\u010dki centar Merkator, te ulice Prvomajska i to brojevi: jedan, dva, tri, \u010detiri, &hellip;\" \/>\n<meta property=\"og:url\" content=\"https:\/\/fiks.ba\/index.php\/2023\/11\/22\/zbog-kvara-na-instalacijama-1-162-stana-u-sarajevskom-naselju-svrakino-selo-nema-grijanja\/\" \/>\n<meta property=\"og:site_name\" content=\"Fiks.ba\" \/>\n<meta property=\"article:author\" content=\"113443950416111\" \/>\n<meta property=\"article:published_time\" content=\"2023-11-22T19:15:00+00:00\" \/>\n<meta property=\"og:image\" content=\"https:\/\/fiks.ba\/wp-content\/uploads\/2023\/11\/radijator.jpg\" \/>\n\t<meta property=\"og:image:width\" content=\"2047\" \/>\n\t<meta property=\"og:image:height\" content=\"1380\" \/>\n\t<meta property=\"og:image:type\" content=\"image\/jpeg\" \/>\n<meta name=\"author\" content=\"Fiks.ba\" \/>\n<meta name=\"twitter:card\" content=\"summary_large_image\" \/>\n<meta name=\"twitter:label1\" content=\"Written by\" \/>\n\t<meta name=\"twitter:data1\" content=\"Fiks.ba\" \/>\n\t<meta name=\"twitter:label2\" content=\"Est. reading time\" \/>\n\t<meta name=\"twitter:data2\" content=\"2 minute\" \/>\n<script type=\"application\/ld+json\" class=\"yoast-schema-graph\">{\"@context\":\"https:\\\/\\\/schema.org\",\"@graph\":[{\"@type\":\"Article\",\"@id\":\"https:\\\/\\\/fiks.ba\\\/index.php\\\/2023\\\/11\\\/22\\\/zbog-kvara-na-instalacijama-1-162-stana-u-sarajevskom-naselju-svrakino-selo-nema-grijanja\\\/#article\",\"isPartOf\":{\"@id\":\"https:\\\/\\\/fiks.ba\\\/index.php\\\/2023\\\/11\\\/22\\\/zbog-kvara-na-instalacijama-1-162-stana-u-sarajevskom-naselju-svrakino-selo-nema-grijanja\\\/\"},\"author\":{\"name\":\"Fiks.ba\",\"@id\":\"https:\\\/\\\/fiks.ba\\\/#\\\/schema\\\/person\\\/a4e393e61513d1b0cf9da705602dec58\"},\"headline\":\"Zbog kvara na instalacijama 1.162 stana u sarajevskom naselju \u0160vrakino Selo nema grijanja\",\"datePublished\":\"2023-11-22T19:15:00+00:00\",\"mainEntityOfPage\":{\"@id\":\"https:\\\/\\\/fiks.ba\\\/index.php\\\/2023\\\/11\\\/22\\\/zbog-kvara-na-instalacijama-1-162-stana-u-sarajevskom-naselju-svrakino-selo-nema-grijanja\\\/\"},\"wordCount\":147,\"commentCount\":0,\"image\":{\"@id\":\"https:\\\/\\\/fiks.ba\\\/index.php\\\/2023\\\/11\\\/22\\\/zbog-kvara-na-instalacijama-1-162-stana-u-sarajevskom-naselju-svrakino-selo-nema-grijanja\\\/#primaryimage\"},\"thumbnailUrl\":\"https:\\\/\\\/fiks.ba\\\/wp-content\\\/uploads\\\/2023\\\/11\\\/radijator.jpg\",\"keywords\":[\"Grijanje\",\"Radijatori\",\"\u0160vrakino Selo\"],\"articleSection\":[\"BiH\"],\"inLanguage\":\"bs-BA\",\"potentialAction\":[{\"@type\":\"CommentAction\",\"name\":\"Comment\",\"target\":[\"https:\\\/\\\/fiks.ba\\\/index.php\\\/2023\\\/11\\\/22\\\/zbog-kvara-na-instalacijama-1-162-stana-u-sarajevskom-naselju-svrakino-selo-nema-grijanja\\\/#respond\"]}]},{\"@type\":\"WebPage\",\"@id\":\"https:\\\/\\\/fiks.ba\\\/index.php\\\/2023\\\/11\\\/22\\\/zbog-kvara-na-instalacijama-1-162-stana-u-sarajevskom-naselju-svrakino-selo-nema-grijanja\\\/\",\"url\":\"https:\\\/\\\/fiks.ba\\\/index.php\\\/2023\\\/11\\\/22\\\/zbog-kvara-na-instalacijama-1-162-stana-u-sarajevskom-naselju-svrakino-selo-nema-grijanja\\\/\",\"name\":\"Zbog kvara na instalacijama 1.162 stana u sarajevskom naselju \u0160vrakino Selo nema grijanja - Fiks.ba\",\"isPartOf\":{\"@id\":\"https:\\\/\\\/fiks.ba\\\/#website\"},\"primaryImageOfPage\":{\"@id\":\"https:\\\/\\\/fiks.ba\\\/index.php\\\/2023\\\/11\\\/22\\\/zbog-kvara-na-instalacijama-1-162-stana-u-sarajevskom-naselju-svrakino-selo-nema-grijanja\\\/#primaryimage\"},\"image\":{\"@id\":\"https:\\\/\\\/fiks.ba\\\/index.php\\\/2023\\\/11\\\/22\\\/zbog-kvara-na-instalacijama-1-162-stana-u-sarajevskom-naselju-svrakino-selo-nema-grijanja\\\/#primaryimage\"},\"thumbnailUrl\":\"https:\\\/\\\/fiks.ba\\\/wp-content\\\/uploads\\\/2023\\\/11\\\/radijator.jpg\",\"datePublished\":\"2023-11-22T19:15:00+00:00\",\"author\":{\"@id\":\"https:\\\/\\\/fiks.ba\\\/#\\\/schema\\\/person\\\/a4e393e61513d1b0cf9da705602dec58\"},\"breadcrumb\":{\"@id\":\"https:\\\/\\\/fiks.ba\\\/index.php\\\/2023\\\/11\\\/22\\\/zbog-kvara-na-instalacijama-1-162-stana-u-sarajevskom-naselju-svrakino-selo-nema-grijanja\\\/#breadcrumb\"},\"inLanguage\":\"bs-BA\",\"potentialAction\":[{\"@type\":\"ReadAction\",\"target\":[\"https:\\\/\\\/fiks.ba\\\/index.php\\\/2023\\\/11\\\/22\\\/zbog-kvara-na-instalacijama-1-162-stana-u-sarajevskom-naselju-svrakino-selo-nema-grijanja\\\/\"]}]},{\"@type\":\"ImageObject\",\"inLanguage\":\"bs-BA\",\"@id\":\"https:\\\/\\\/fiks.ba\\\/index.php\\\/2023\\\/11\\\/22\\\/zbog-kvara-na-instalacijama-1-162-stana-u-sarajevskom-naselju-svrakino-selo-nema-grijanja\\\/#primaryimage\",\"url\":\"https:\\\/\\\/fiks.ba\\\/wp-content\\\/uploads\\\/2023\\\/11\\\/radijator.jpg\",\"contentUrl\":\"https:\\\/\\\/fiks.ba\\\/wp-content\\\/uploads\\\/2023\\\/11\\\/radijator.jpg\",\"width\":2047,\"height\":1380,\"caption\":\"RIJEKA, 28. 01. 2014. - ILUSTRACIJA, RADIJATOR, CENTRALNO GRIJANJE, REGULATOR, SNIMIO: VEDRAN KARUZA\"},{\"@type\":\"BreadcrumbList\",\"@id\":\"https:\\\/\\\/fiks.ba\\\/index.php\\\/2023\\\/11\\\/22\\\/zbog-kvara-na-instalacijama-1-162-stana-u-sarajevskom-naselju-svrakino-selo-nema-grijanja\\\/#breadcrumb\",\"itemListElement\":[{\"@type\":\"ListItem\",\"position\":1,\"name\":\"Home\",\"item\":\"https:\\\/\\\/fiks.ba\\\/\"},{\"@type\":\"ListItem\",\"position\":2,\"name\":\"Zbog kvara na instalacijama 1.162 stana u sarajevskom naselju \u0160vrakino Selo nema grijanja\"}]},{\"@type\":\"WebSite\",\"@id\":\"https:\\\/\\\/fiks.ba\\\/#website\",\"url\":\"https:\\\/\\\/fiks.ba\\\/\",\"name\":\"Fiks.ba\",\"description\":\"Web portal\",\"potentialAction\":[{\"@type\":\"SearchAction\",\"target\":{\"@type\":\"EntryPoint\",\"urlTemplate\":\"https:\\\/\\\/fiks.ba\\\/?s={search_term_string}\"},\"query-input\":{\"@type\":\"PropertyValueSpecification\",\"valueRequired\":true,\"valueName\":\"search_term_string\"}}],\"inLanguage\":\"bs-BA\"},{\"@type\":\"Person\",\"@id\":\"https:\\\/\\\/fiks.ba\\\/#\\\/schema\\\/person\\\/a4e393e61513d1b0cf9da705602dec58\",\"name\":\"Fiks.ba\",\"image\":{\"@type\":\"ImageObject\",\"inLanguage\":\"bs-BA\",\"@id\":\"https:\\\/\\\/secure.gravatar.com\\\/avatar\\\/87c381ee05f0fddb469f8a0b9b90d7d4c5a3b6eedd5674e223973548eb1deb2e?s=96&d=mm&r=g\",\"url\":\"https:\\\/\\\/secure.gravatar.com\\\/avatar\\\/87c381ee05f0fddb469f8a0b9b90d7d4c5a3b6eedd5674e223973548eb1deb2e?s=96&d=mm&r=g\",\"contentUrl\":\"https:\\\/\\\/secure.gravatar.com\\\/avatar\\\/87c381ee05f0fddb469f8a0b9b90d7d4c5a3b6eedd5674e223973548eb1deb2e?s=96&d=mm&r=g\",\"caption\":\"Fiks.ba\"},\"sameAs\":[\"113443950416111\"],\"url\":\"https:\\\/\\\/fiks.ba\\\/index.php\\\/author\\\/selma\\\/\"}]}<\/script>\n<!-- \/ Yoast SEO plugin. -->","yoast_head_json":{"title":"Zbog kvara na instalacijama 1.162 stana u sarajevskom naselju \u0160vrakino Selo nema grijanja - Fiks.ba","robots":{"index":"index","follow":"follow","max-snippet":"max-snippet:-1","max-image-preview":"max-image-preview:large","max-video-preview":"max-video-preview:-1"},"canonical":"https:\/\/fiks.ba\/index.php\/2023\/11\/22\/zbog-kvara-na-instalacijama-1-162-stana-u-sarajevskom-naselju-svrakino-selo-nema-grijanja\/","og_locale":"bs_BA","og_type":"article","og_title":"Zbog kvara na instalacijama 1.162 stana u sarajevskom naselju \u0160vrakino Selo nema grijanja - Fiks.ba","og_description":"Zbog curenja tehnolo\u0161ke vode na vrelovodu, u sarajevskom naselju \u0160vrakino selo danas su 1.162 stana ostala bez grijanja. Kako je navedeno na zvani\u010dnoj stranici preduze\u0107a Toplane Sarajevo, bez grijanja su trenutno: Osnovna \u0161kola D\u017eemaludin \u010cau\u0161evi\u0107, Policijska Uprava Novi Grad, Vrti\u0107 Dje\u010diji grad, trgova\u010dki centar Merkator, te ulice Prvomajska i to brojevi: jedan, dva, tri, \u010detiri, &hellip;","og_url":"https:\/\/fiks.ba\/index.php\/2023\/11\/22\/zbog-kvara-na-instalacijama-1-162-stana-u-sarajevskom-naselju-svrakino-selo-nema-grijanja\/","og_site_name":"Fiks.ba","article_author":"113443950416111","article_published_time":"2023-11-22T19:15:00+00:00","og_image":[{"width":2047,"height":1380,"url":"https:\/\/fiks.ba\/wp-content\/uploads\/2023\/11\/radijator.jpg","type":"image\/jpeg"}],"author":"Fiks.ba","twitter_card":"summary_large_image","twitter_misc":{"Written by":"Fiks.ba","Est. reading time":"2 minute"},"schema":{"@context":"https:\/\/schema.org","@graph":[{"@type":"Article","@id":"https:\/\/fiks.ba\/index.php\/2023\/11\/22\/zbog-kvara-na-instalacijama-1-162-stana-u-sarajevskom-naselju-svrakino-selo-nema-grijanja\/#article","isPartOf":{"@id":"https:\/\/fiks.ba\/index.php\/2023\/11\/22\/zbog-kvara-na-instalacijama-1-162-stana-u-sarajevskom-naselju-svrakino-selo-nema-grijanja\/"},"author":{"name":"Fiks.ba","@id":"https:\/\/fiks.ba\/#\/schema\/person\/a4e393e61513d1b0cf9da705602dec58"},"headline":"Zbog kvara na instalacijama 1.162 stana u sarajevskom naselju \u0160vrakino Selo nema grijanja","datePublished":"2023-11-22T19:15:00+00:00","mainEntityOfPage":{"@id":"https:\/\/fiks.ba\/index.php\/2023\/11\/22\/zbog-kvara-na-instalacijama-1-162-stana-u-sarajevskom-naselju-svrakino-selo-nema-grijanja\/"},"wordCount":147,"commentCount":0,"image":{"@id":"https:\/\/fiks.ba\/index.php\/2023\/11\/22\/zbog-kvara-na-instalacijama-1-162-stana-u-sarajevskom-naselju-svrakino-selo-nema-grijanja\/#primaryimage"},"thumbnailUrl":"https:\/\/fiks.ba\/wp-content\/uploads\/2023\/11\/radijator.jpg","keywords":["Grijanje","Radijatori","\u0160vrakino Selo"],"articleSection":["BiH"],"inLanguage":"bs-BA","potentialAction":[{"@type":"CommentAction","name":"Comment","target":["https:\/\/fiks.ba\/index.php\/2023\/11\/22\/zbog-kvara-na-instalacijama-1-162-stana-u-sarajevskom-naselju-svrakino-selo-nema-grijanja\/#respond"]}]},{"@type":"WebPage","@id":"https:\/\/fiks.ba\/index.php\/2023\/11\/22\/zbog-kvara-na-instalacijama-1-162-stana-u-sarajevskom-naselju-svrakino-selo-nema-grijanja\/","url":"https:\/\/fiks.ba\/index.php\/2023\/11\/22\/zbog-kvara-na-instalacijama-1-162-stana-u-sarajevskom-naselju-svrakino-selo-nema-grijanja\/","name":"Zbog kvara na instalacijama 1.162 stana u sarajevskom naselju \u0160vrakino Selo nema grijanja - Fiks.ba","isPartOf":{"@id":"https:\/\/fiks.ba\/#website"},"primaryImageOfPage":{"@id":"https:\/\/fiks.ba\/index.php\/2023\/11\/22\/zbog-kvara-na-instalacijama-1-162-stana-u-sarajevskom-naselju-svrakino-selo-nema-grijanja\/#primaryimage"},"image":{"@id":"https:\/\/fiks.ba\/index.php\/2023\/11\/22\/zbog-kvara-na-instalacijama-1-162-stana-u-sarajevskom-naselju-svrakino-selo-nema-grijanja\/#primaryimage"},"thumbnailUrl":"https:\/\/fiks.ba\/wp-content\/uploads\/2023\/11\/radijator.jpg","datePublished":"2023-11-22T19:15:00+00:00","author":{"@id":"https:\/\/fiks.ba\/#\/schema\/person\/a4e393e61513d1b0cf9da705602dec58"},"breadcrumb":{"@id":"https:\/\/fiks.ba\/index.php\/2023\/11\/22\/zbog-kvara-na-instalacijama-1-162-stana-u-sarajevskom-naselju-svrakino-selo-nema-grijanja\/#breadcrumb"},"inLanguage":"bs-BA","potentialAction":[{"@type":"ReadAction","target":["https:\/\/fiks.ba\/index.php\/2023\/11\/22\/zbog-kvara-na-instalacijama-1-162-stana-u-sarajevskom-naselju-svrakino-selo-nema-grijanja\/"]}]},{"@type":"ImageObject","inLanguage":"bs-BA","@id":"https:\/\/fiks.ba\/index.php\/2023\/11\/22\/zbog-kvara-na-instalacijama-1-162-stana-u-sarajevskom-naselju-svrakino-selo-nema-grijanja\/#primaryimage","url":"https:\/\/fiks.ba\/wp-content\/uploads\/2023\/11\/radijator.jpg","contentUrl":"https:\/\/fiks.ba\/wp-content\/uploads\/2023\/11\/radijator.jpg","width":2047,"height":1380,"caption":"RIJEKA, 28. 01. 2014. - ILUSTRACIJA, RADIJATOR, CENTRALNO GRIJANJE, REGULATOR, SNIMIO: VEDRAN KARUZA"},{"@type":"BreadcrumbList","@id":"https:\/\/fiks.ba\/index.php\/2023\/11\/22\/zbog-kvara-na-instalacijama-1-162-stana-u-sarajevskom-naselju-svrakino-selo-nema-grijanja\/#breadcrumb","itemListElement":[{"@type":"ListItem","position":1,"name":"Home","item":"https:\/\/fiks.ba\/"},{"@type":"ListItem","position":2,"name":"Zbog kvara na instalacijama 1.162 stana u sarajevskom naselju \u0160vrakino Selo nema grijanja"}]},{"@type":"WebSite","@id":"https:\/\/fiks.ba\/#website","url":"https:\/\/fiks.ba\/","name":"Fiks.ba","description":"Web portal","potentialAction":[{"@type":"SearchAction","target":{"@type":"EntryPoint","urlTemplate":"https:\/\/fiks.ba\/?s={search_term_string}"},"query-input":{"@type":"PropertyValueSpecification","valueRequired":true,"valueName":"search_term_string"}}],"inLanguage":"bs-BA"},{"@type":"Person","@id":"https:\/\/fiks.ba\/#\/schema\/person\/a4e393e61513d1b0cf9da705602dec58","name":"Fiks.ba","image":{"@type":"ImageObject","inLanguage":"bs-BA","@id":"https:\/\/secure.gravatar.com\/avatar\/87c381ee05f0fddb469f8a0b9b90d7d4c5a3b6eedd5674e223973548eb1deb2e?s=96&d=mm&r=g","url":"https:\/\/secure.gravatar.com\/avatar\/87c381ee05f0fddb469f8a0b9b90d7d4c5a3b6eedd5674e223973548eb1deb2e?s=96&d=mm&r=g","contentUrl":"https:\/\/secure.gravatar.com\/avatar\/87c381ee05f0fddb469f8a0b9b90d7d4c5a3b6eedd5674e223973548eb1deb2e?s=96&d=mm&r=g","caption":"Fiks.ba"},"sameAs":["113443950416111"],"url":"https:\/\/fiks.ba\/index.php\/author\/selma\/"}]}},"jetpack_publicize_connections":[],"jetpack_featured_media_url":"https:\/\/fiks.ba\/wp-content\/uploads\/2023\/11\/radijator.jpg","jetpack_sharing_enabled":true,"_links":{"self":[{"href":"https:\/\/fiks.ba\/index.php\/wp-json\/wp\/v2\/posts\/5017","targetHints":{"allow":["GET"]}}],"collection":[{"href":"https:\/\/fiks.ba\/index.php\/wp-json\/wp\/v2\/posts"}],"about":[{"href":"https:\/\/fiks.ba\/index.php\/wp-json\/wp\/v2\/types\/post"}],"author":[{"embeddable":true,"href":"https:\/\/fiks.ba\/index.php\/wp-json\/wp\/v2\/users\/2"}],"replies":[{"embeddable":true,"href":"https:\/\/fiks.ba\/index.php\/wp-json\/wp\/v2\/comments?post=5017"}],"version-history":[{"count":1,"href":"https:\/\/fiks.ba\/index.php\/wp-json\/wp\/v2\/posts\/5017\/revisions"}],"predecessor-version":[{"id":5020,"href":"https:\/\/fiks.ba\/index.php\/wp-json\/wp\/v2\/posts\/5017\/revisions\/5020"}],"wp:featuredmedia":[{"embeddable":true,"href":"https:\/\/fiks.ba\/index.php\/wp-json\/wp\/v2\/media\/5019"}],"wp:attachment":[{"href":"https:\/\/fiks.ba\/index.php\/wp-json\/wp\/v2\/media?parent=5017"}],"wp:term":[{"taxonomy":"category","embeddable":true,"href":"https:\/\/fiks.ba\/index.php\/wp-json\/wp\/v2\/categories?post=5017"},{"taxonomy":"post_tag","embeddable":true,"href":"https:\/\/fiks.ba\/index.php\/wp-json\/wp\/v2\/tags?post=5017"}],"curies":[{"name":"wp","href":"https:\/\/api.w.org\/{rel}","templated":true}]}}