{"id":28667,"date":"2026-03-03T20:49:13","date_gmt":"2026-03-03T19:49:13","guid":{"rendered":"https:\/\/fiks.ba\/?p=28667"},"modified":"2026-03-03T20:49:16","modified_gmt":"2026-03-03T19:49:16","slug":"ovo-su-finalisti-izbora-za-klix-auto-godine-2026-birajte-i-vi-svog-favorita","status":"publish","type":"post","link":"https:\/\/fiks.ba\/index.php\/2026\/03\/03\/ovo-su-finalisti-izbora-za-klix-auto-godine-2026-birajte-i-vi-svog-favorita\/","title":{"rendered":"Ovo su finalisti izbora za Klix Auto godine 2026.: Birajte i vi svog favorita!"},"content":{"rendered":"\n<p>Klix.ba tradicionalno svake godine organizuje vlastiti izbor automobila godine, a uz glavnu nagradu i \u0161est nagrada u ostalim kategorijama jednaku va\u017enost ima i nagrada \u010ditalaca u \u010dijem izboru u\u010destvujete vi, na\u0161i vjerni \u010ditaoci, svojim glasanjem u anketi.<\/p>\n\n\n\n<figure class=\"wp-block-embed\"><div class=\"wp-block-embed__wrapper\">\nhttps:\/\/ce49335728ab4b3793bcb87ecd2ab63e.safeframe.googlesyndication.com\/safeframe\/1-0-45\/html\/container.html\n<\/div><\/figure>\n\n\n\n<p>U izbor za nagradu Klix Auto godine 2026. ulaze svi automobili koje su \u010dlanovi \u017eirija i redakcije portala Klix.ba imali priliku voziti i testirati u protekloj kalendarskoj godini.<\/p>\n\n\n\n<p>Ova nagrada se dodjeljuje automobilu koji je nakon glasanja \u017eirija portala Klix.ba iza\u0161ao kao jedinstveni pobjednik. \u017diri \u010dine \u010dlanovi uredni\u010dkog kolegija internet portala Klix.ba te urednici i novinari rubrike Auto koji imaju vi\u0161e od 20 godina iskustva u testiranju automobila i generalno u automobilskom novinarstvu. Proces glasanja je osmi\u0161ljen tako da daje jednaku \u0161ansu svim automobilima te za ovu nagradu ne postoje kategorije, podjele ili pobjednici klase.<\/p>\n\n\n\n<p>Nakon prvog kruga glasanja u izbor za&nbsp;<strong>Klix Auto godine 2025.<\/strong>&nbsp;tako je u\u0161lo 18 automobila koje smo testirali i vozili pro\u0161le godine, a nakon drugog kruga glasanja poznati su i finalisti na\u0161eg izbora. Ove godine to su:<\/p>\n\n\n\n<ul class=\"wp-block-list\">\n<li>Alfa Romeo Junior<\/li>\n\n\n\n<li>Audi A5<\/li>\n\n\n\n<li>Citroen C3 Aircross<\/li>\n\n\n\n<li>Chery Arrizo 8<\/li>\n\n\n\n<li>Fiat Grande Panda<\/li>\n\n\n\n<li>Geely Cityray<\/li>\n\n\n\n<li>Renault Clio VI<\/li>\n<\/ul>\n\n\n\n<p>Uz glavnu nagradu Klix Auto godine, internet portal Klix.ba dodjeljuje i nagradu&nbsp;<strong>Klix Auto godine \u010ditalaca<\/strong>, gdje putem ankete postavljene na internet portalu Klix.ba posjetioci i \u010ditaoci mogu izabrati jednog od ovogodi\u0161njih finalista za Klix Auto godine i tako izabrati auto godine prema svom mi\u0161ljenju. Po okon\u010danju glasanja i pregleda rezultata ankete progla\u0161ava se Klix Auto godine \u010ditalaca.https:\/\/www.klix.ba\/polls\/379<\/p>\n\n\n\n<p>Klix.ba uz ove dvije nagrade u sklopu progla\u0161enja automobila godine dodjeljuje i posebne nagrade po kategorijama, i to:<\/p>\n\n\n\n<p><strong>Klix Best Buy Auto godine<\/strong>&nbsp;gdje u izbor ulazi pet automobila za koje je utvr\u0111eno da trenutno daju najbolji odnos ulo\u017eenog i dobijenog na tr\u017ei\u0161tu novih automobila u Bosni i Hercegovini. Kandidati za ovu nagradu su:<\/p>\n\n\n\n<ul class=\"wp-block-list\">\n<li>DFSK 500<\/li>\n\n\n\n<li>Chery Tiggo 4 Pro<\/li>\n\n\n\n<li>Hyundai Bayon<\/li>\n\n\n\n<li>KIA Ceed<\/li>\n\n\n\n<li>Toyota Corolla<\/li>\n<\/ul>\n\n\n\n<p><strong>Klix Elektri\u010dni Auto godine<\/strong>, gdje u izbor ulaze isklju\u010divo potpuno elektri\u010dni automobili koji su dostupni u redovnoj prodaji na tr\u017ei\u0161tu Bosne i Hercegovine. Kandidati za ovu nagradu su:<\/p>\n\n\n\n<ul class=\"wp-block-list\">\n<li>Cupra Tavascan<\/li>\n\n\n\n<li>Dongfeng Box<\/li>\n\n\n\n<li>Lynk &amp; Co 02<\/li>\n\n\n\n<li>Porsche Macan EV<\/li>\n\n\n\n<li>\u0160koda Elroq<\/li>\n<\/ul>\n\n\n\n<p><strong>Klix Sport Auto<\/strong>&nbsp;godine gdje u izbor ulaze isklju\u010divo sportski automobili koje su Klix Auto novinari imali priliku voziti i isprobati u pro\u0161loj godini.<\/p>\n\n\n\n<p><strong>Klix Woman's Choice Auto godine<\/strong>&nbsp;je novost u na\u0161em izboru za automobil godine kojim smo \u017eeljeli dati naglasak na izbor najboljeg automobila prema izboru \u017eena koje \u010dine dio redakcije portala Klix.ba.<\/p>\n\n\n\n<p><strong>Klix Auto menad\u017eer godine<\/strong>&nbsp;je nagrada koja se dodjeljuje menad\u017eeru iz automobilske industrije u BiH koji je svojim rezultatima u protekloj godini zaslu\u017eio ovu nagradu.<\/p>\n\n\n\n<p><strong>Klix Aftermarket menad\u017eer godine<\/strong>&nbsp;je nagrada koja se dodjeljuje menad\u017eeru iz prate\u0107e automobilske industrije u BiH koji je svojim rezultatima u protekloj godini zaslu\u017eio ovu nagradu.<\/p>\n\n\n\n<p>Po\u010detak izbora za nagradu Klix Auto godine je 3. februar 2026. godine, a glasanje za \u010ditaoce u okviru nagrade Klix Auto godine \u010ditalaca otvara se 01. marta 2026. godine. Posljednji dan glasanja je 31. mart 2026. godine, dok \u0107e rezultati izbora \u017eirija, kao i rezultati glasanja \u010ditalaca na anketi biti objavljeni 02. aprila 2026. godine na sve\u010danoj ceremoniji dodjele Klix Auto godine 2026. nagrada u Sarajevu.<\/p>\n\n\n\n<figure class=\"wp-block-image size-large\"><img decoding=\"async\" src=\"https:\/\/static.klix.ba\/media\/images\/vijesti\/b_260302176.jpg?v=1\" alt=\"\"\/><\/figure>\n","protected":false},"excerpt":{"rendered":"<p>Klix.ba tradicionalno svake godine organizuje vlastiti izbor automobila godine, a uz glavnu nagradu i \u0161est nagrada u ostalim kategorijama jednaku va\u017enost ima i nagrada \u010ditalaca u \u010dijem izboru u\u010destvujete vi, na\u0161i vjerni \u010ditaoci, svojim glasanjem u anketi. https:\/\/ce49335728ab4b3793bcb87ecd2ab63e.safeframe.googlesyndication.com\/safeframe\/1-0-45\/html\/container.html U izbor za nagradu Klix Auto godine 2026. ulaze svi automobili koje su \u010dlanovi \u017eirija i redakcije &hellip;<\/p>\n","protected":false},"author":2,"featured_media":28677,"comment_status":"open","ping_status":"open","sticky":false,"template":"","format":"standard","meta":{"_jetpack_memberships_contains_paid_content":false,"footnotes":"","jetpack_publicize_message":"","jetpack_publicize_feature_enabled":true,"jetpack_social_post_already_shared":true,"jetpack_social_options":{"image_generator_settings":{"template":"highway","default_image_id":0,"font":"","enabled":false},"version":2}},"categories":[111,110],"tags":[],"class_list":["post-28667","post","type-post","status-publish","format-standard","has-post-thumbnail","hentry","category-izdvojeno","category-vijesti-top-5"],"yoast_head":"<!-- This site is optimized with the Yoast SEO plugin v27.4 - https:\/\/yoast.com\/product\/yoast-seo-wordpress\/ -->\n<title>Ovo su finalisti izbora za Klix Auto godine 2026.: Birajte i vi svog favorita! - Fiks.ba<\/title>\n<meta name=\"robots\" content=\"index, follow, max-snippet:-1, max-image-preview:large, max-video-preview:-1\" \/>\n<link rel=\"canonical\" href=\"https:\/\/fiks.ba\/index.php\/2026\/03\/03\/ovo-su-finalisti-izbora-za-klix-auto-godine-2026-birajte-i-vi-svog-favorita\/\" \/>\n<meta property=\"og:locale\" content=\"bs_BA\" \/>\n<meta property=\"og:type\" content=\"article\" \/>\n<meta property=\"og:title\" content=\"Ovo su finalisti izbora za Klix Auto godine 2026.: Birajte i vi svog favorita! - Fiks.ba\" \/>\n<meta property=\"og:description\" content=\"Klix.ba tradicionalno svake godine organizuje vlastiti izbor automobila godine, a uz glavnu nagradu i \u0161est nagrada u ostalim kategorijama jednaku va\u017enost ima i nagrada \u010ditalaca u \u010dijem izboru u\u010destvujete vi, na\u0161i vjerni \u010ditaoci, svojim glasanjem u anketi. https:\/\/ce49335728ab4b3793bcb87ecd2ab63e.safeframe.googlesyndication.com\/safeframe\/1-0-45\/html\/container.html U izbor za nagradu Klix Auto godine 2026. ulaze svi automobili koje su \u010dlanovi \u017eirija i redakcije &hellip;\" \/>\n<meta property=\"og:url\" content=\"https:\/\/fiks.ba\/index.php\/2026\/03\/03\/ovo-su-finalisti-izbora-za-klix-auto-godine-2026-birajte-i-vi-svog-favorita\/\" \/>\n<meta property=\"og:site_name\" content=\"Fiks.ba\" \/>\n<meta property=\"article:author\" content=\"113443950416111\" \/>\n<meta property=\"article:published_time\" content=\"2026-03-03T19:49:13+00:00\" \/>\n<meta property=\"article:modified_time\" content=\"2026-03-03T19:49:16+00:00\" \/>\n<meta property=\"og:image\" content=\"https:\/\/fiks.ba\/wp-content\/uploads\/2026\/03\/Screenshot-2026-03-03-204851.png\" \/>\n\t<meta property=\"og:image:width\" content=\"789\" \/>\n\t<meta property=\"og:image:height\" content=\"526\" \/>\n\t<meta property=\"og:image:type\" content=\"image\/png\" \/>\n<meta name=\"author\" content=\"Fiks.ba\" \/>\n<meta name=\"twitter:card\" content=\"summary_large_image\" \/>\n<meta name=\"twitter:label1\" content=\"Written by\" \/>\n\t<meta name=\"twitter:data1\" content=\"Fiks.ba\" \/>\n\t<meta name=\"twitter:label2\" content=\"Est. reading time\" \/>\n\t<meta name=\"twitter:data2\" content=\"4 minute\" \/>\n<script type=\"application\/ld+json\" class=\"yoast-schema-graph\">{\"@context\":\"https:\\\/\\\/schema.org\",\"@graph\":[{\"@type\":\"Article\",\"@id\":\"https:\\\/\\\/fiks.ba\\\/index.php\\\/2026\\\/03\\\/03\\\/ovo-su-finalisti-izbora-za-klix-auto-godine-2026-birajte-i-vi-svog-favorita\\\/#article\",\"isPartOf\":{\"@id\":\"https:\\\/\\\/fiks.ba\\\/index.php\\\/2026\\\/03\\\/03\\\/ovo-su-finalisti-izbora-za-klix-auto-godine-2026-birajte-i-vi-svog-favorita\\\/\"},\"author\":{\"name\":\"Fiks.ba\",\"@id\":\"https:\\\/\\\/fiks.ba\\\/#\\\/schema\\\/person\\\/a4e393e61513d1b0cf9da705602dec58\"},\"headline\":\"Ovo su finalisti izbora za Klix Auto godine 2026.: Birajte i vi svog favorita!\",\"datePublished\":\"2026-03-03T19:49:13+00:00\",\"dateModified\":\"2026-03-03T19:49:16+00:00\",\"mainEntityOfPage\":{\"@id\":\"https:\\\/\\\/fiks.ba\\\/index.php\\\/2026\\\/03\\\/03\\\/ovo-su-finalisti-izbora-za-klix-auto-godine-2026-birajte-i-vi-svog-favorita\\\/\"},\"wordCount\":597,\"commentCount\":0,\"image\":{\"@id\":\"https:\\\/\\\/fiks.ba\\\/index.php\\\/2026\\\/03\\\/03\\\/ovo-su-finalisti-izbora-za-klix-auto-godine-2026-birajte-i-vi-svog-favorita\\\/#primaryimage\"},\"thumbnailUrl\":\"https:\\\/\\\/fiks.ba\\\/wp-content\\\/uploads\\\/2026\\\/03\\\/Screenshot-2026-03-03-204851.png\",\"articleSection\":[\"Izdvojeno\",\"Vijesti Top 5\"],\"inLanguage\":\"bs-BA\",\"potentialAction\":[{\"@type\":\"CommentAction\",\"name\":\"Comment\",\"target\":[\"https:\\\/\\\/fiks.ba\\\/index.php\\\/2026\\\/03\\\/03\\\/ovo-su-finalisti-izbora-za-klix-auto-godine-2026-birajte-i-vi-svog-favorita\\\/#respond\"]}]},{\"@type\":\"WebPage\",\"@id\":\"https:\\\/\\\/fiks.ba\\\/index.php\\\/2026\\\/03\\\/03\\\/ovo-su-finalisti-izbora-za-klix-auto-godine-2026-birajte-i-vi-svog-favorita\\\/\",\"url\":\"https:\\\/\\\/fiks.ba\\\/index.php\\\/2026\\\/03\\\/03\\\/ovo-su-finalisti-izbora-za-klix-auto-godine-2026-birajte-i-vi-svog-favorita\\\/\",\"name\":\"Ovo su finalisti izbora za Klix Auto godine 2026.: Birajte i vi svog favorita! - Fiks.ba\",\"isPartOf\":{\"@id\":\"https:\\\/\\\/fiks.ba\\\/#website\"},\"primaryImageOfPage\":{\"@id\":\"https:\\\/\\\/fiks.ba\\\/index.php\\\/2026\\\/03\\\/03\\\/ovo-su-finalisti-izbora-za-klix-auto-godine-2026-birajte-i-vi-svog-favorita\\\/#primaryimage\"},\"image\":{\"@id\":\"https:\\\/\\\/fiks.ba\\\/index.php\\\/2026\\\/03\\\/03\\\/ovo-su-finalisti-izbora-za-klix-auto-godine-2026-birajte-i-vi-svog-favorita\\\/#primaryimage\"},\"thumbnailUrl\":\"https:\\\/\\\/fiks.ba\\\/wp-content\\\/uploads\\\/2026\\\/03\\\/Screenshot-2026-03-03-204851.png\",\"datePublished\":\"2026-03-03T19:49:13+00:00\",\"dateModified\":\"2026-03-03T19:49:16+00:00\",\"author\":{\"@id\":\"https:\\\/\\\/fiks.ba\\\/#\\\/schema\\\/person\\\/a4e393e61513d1b0cf9da705602dec58\"},\"breadcrumb\":{\"@id\":\"https:\\\/\\\/fiks.ba\\\/index.php\\\/2026\\\/03\\\/03\\\/ovo-su-finalisti-izbora-za-klix-auto-godine-2026-birajte-i-vi-svog-favorita\\\/#breadcrumb\"},\"inLanguage\":\"bs-BA\",\"potentialAction\":[{\"@type\":\"ReadAction\",\"target\":[\"https:\\\/\\\/fiks.ba\\\/index.php\\\/2026\\\/03\\\/03\\\/ovo-su-finalisti-izbora-za-klix-auto-godine-2026-birajte-i-vi-svog-favorita\\\/\"]}]},{\"@type\":\"ImageObject\",\"inLanguage\":\"bs-BA\",\"@id\":\"https:\\\/\\\/fiks.ba\\\/index.php\\\/2026\\\/03\\\/03\\\/ovo-su-finalisti-izbora-za-klix-auto-godine-2026-birajte-i-vi-svog-favorita\\\/#primaryimage\",\"url\":\"https:\\\/\\\/fiks.ba\\\/wp-content\\\/uploads\\\/2026\\\/03\\\/Screenshot-2026-03-03-204851.png\",\"contentUrl\":\"https:\\\/\\\/fiks.ba\\\/wp-content\\\/uploads\\\/2026\\\/03\\\/Screenshot-2026-03-03-204851.png\",\"width\":789,\"height\":526},{\"@type\":\"BreadcrumbList\",\"@id\":\"https:\\\/\\\/fiks.ba\\\/index.php\\\/2026\\\/03\\\/03\\\/ovo-su-finalisti-izbora-za-klix-auto-godine-2026-birajte-i-vi-svog-favorita\\\/#breadcrumb\",\"itemListElement\":[{\"@type\":\"ListItem\",\"position\":1,\"name\":\"Home\",\"item\":\"https:\\\/\\\/fiks.ba\\\/\"},{\"@type\":\"ListItem\",\"position\":2,\"name\":\"Ovo su finalisti izbora za Klix Auto godine 2026.: Birajte i vi svog favorita!\"}]},{\"@type\":\"WebSite\",\"@id\":\"https:\\\/\\\/fiks.ba\\\/#website\",\"url\":\"https:\\\/\\\/fiks.ba\\\/\",\"name\":\"Fiks.ba\",\"description\":\"Web portal\",\"potentialAction\":[{\"@type\":\"SearchAction\",\"target\":{\"@type\":\"EntryPoint\",\"urlTemplate\":\"https:\\\/\\\/fiks.ba\\\/?s={search_term_string}\"},\"query-input\":{\"@type\":\"PropertyValueSpecification\",\"valueRequired\":true,\"valueName\":\"search_term_string\"}}],\"inLanguage\":\"bs-BA\"},{\"@type\":\"Person\",\"@id\":\"https:\\\/\\\/fiks.ba\\\/#\\\/schema\\\/person\\\/a4e393e61513d1b0cf9da705602dec58\",\"name\":\"Fiks.ba\",\"image\":{\"@type\":\"ImageObject\",\"inLanguage\":\"bs-BA\",\"@id\":\"https:\\\/\\\/secure.gravatar.com\\\/avatar\\\/87c381ee05f0fddb469f8a0b9b90d7d4c5a3b6eedd5674e223973548eb1deb2e?s=96&d=mm&r=g\",\"url\":\"https:\\\/\\\/secure.gravatar.com\\\/avatar\\\/87c381ee05f0fddb469f8a0b9b90d7d4c5a3b6eedd5674e223973548eb1deb2e?s=96&d=mm&r=g\",\"contentUrl\":\"https:\\\/\\\/secure.gravatar.com\\\/avatar\\\/87c381ee05f0fddb469f8a0b9b90d7d4c5a3b6eedd5674e223973548eb1deb2e?s=96&d=mm&r=g\",\"caption\":\"Fiks.ba\"},\"sameAs\":[\"113443950416111\"],\"url\":\"https:\\\/\\\/fiks.ba\\\/index.php\\\/author\\\/selma\\\/\"}]}<\/script>\n<!-- \/ Yoast SEO plugin. -->","yoast_head_json":{"title":"Ovo su finalisti izbora za Klix Auto godine 2026.: Birajte i vi svog favorita! - Fiks.ba","robots":{"index":"index","follow":"follow","max-snippet":"max-snippet:-1","max-image-preview":"max-image-preview:large","max-video-preview":"max-video-preview:-1"},"canonical":"https:\/\/fiks.ba\/index.php\/2026\/03\/03\/ovo-su-finalisti-izbora-za-klix-auto-godine-2026-birajte-i-vi-svog-favorita\/","og_locale":"bs_BA","og_type":"article","og_title":"Ovo su finalisti izbora za Klix Auto godine 2026.: Birajte i vi svog favorita! - Fiks.ba","og_description":"Klix.ba tradicionalno svake godine organizuje vlastiti izbor automobila godine, a uz glavnu nagradu i \u0161est nagrada u ostalim kategorijama jednaku va\u017enost ima i nagrada \u010ditalaca u \u010dijem izboru u\u010destvujete vi, na\u0161i vjerni \u010ditaoci, svojim glasanjem u anketi. https:\/\/ce49335728ab4b3793bcb87ecd2ab63e.safeframe.googlesyndication.com\/safeframe\/1-0-45\/html\/container.html U izbor za nagradu Klix Auto godine 2026. ulaze svi automobili koje su \u010dlanovi \u017eirija i redakcije &hellip;","og_url":"https:\/\/fiks.ba\/index.php\/2026\/03\/03\/ovo-su-finalisti-izbora-za-klix-auto-godine-2026-birajte-i-vi-svog-favorita\/","og_site_name":"Fiks.ba","article_author":"113443950416111","article_published_time":"2026-03-03T19:49:13+00:00","article_modified_time":"2026-03-03T19:49:16+00:00","og_image":[{"width":789,"height":526,"url":"https:\/\/fiks.ba\/wp-content\/uploads\/2026\/03\/Screenshot-2026-03-03-204851.png","type":"image\/png"}],"author":"Fiks.ba","twitter_card":"summary_large_image","twitter_misc":{"Written by":"Fiks.ba","Est. reading time":"4 minute"},"schema":{"@context":"https:\/\/schema.org","@graph":[{"@type":"Article","@id":"https:\/\/fiks.ba\/index.php\/2026\/03\/03\/ovo-su-finalisti-izbora-za-klix-auto-godine-2026-birajte-i-vi-svog-favorita\/#article","isPartOf":{"@id":"https:\/\/fiks.ba\/index.php\/2026\/03\/03\/ovo-su-finalisti-izbora-za-klix-auto-godine-2026-birajte-i-vi-svog-favorita\/"},"author":{"name":"Fiks.ba","@id":"https:\/\/fiks.ba\/#\/schema\/person\/a4e393e61513d1b0cf9da705602dec58"},"headline":"Ovo su finalisti izbora za Klix Auto godine 2026.: Birajte i vi svog favorita!","datePublished":"2026-03-03T19:49:13+00:00","dateModified":"2026-03-03T19:49:16+00:00","mainEntityOfPage":{"@id":"https:\/\/fiks.ba\/index.php\/2026\/03\/03\/ovo-su-finalisti-izbora-za-klix-auto-godine-2026-birajte-i-vi-svog-favorita\/"},"wordCount":597,"commentCount":0,"image":{"@id":"https:\/\/fiks.ba\/index.php\/2026\/03\/03\/ovo-su-finalisti-izbora-za-klix-auto-godine-2026-birajte-i-vi-svog-favorita\/#primaryimage"},"thumbnailUrl":"https:\/\/fiks.ba\/wp-content\/uploads\/2026\/03\/Screenshot-2026-03-03-204851.png","articleSection":["Izdvojeno","Vijesti Top 5"],"inLanguage":"bs-BA","potentialAction":[{"@type":"CommentAction","name":"Comment","target":["https:\/\/fiks.ba\/index.php\/2026\/03\/03\/ovo-su-finalisti-izbora-za-klix-auto-godine-2026-birajte-i-vi-svog-favorita\/#respond"]}]},{"@type":"WebPage","@id":"https:\/\/fiks.ba\/index.php\/2026\/03\/03\/ovo-su-finalisti-izbora-za-klix-auto-godine-2026-birajte-i-vi-svog-favorita\/","url":"https:\/\/fiks.ba\/index.php\/2026\/03\/03\/ovo-su-finalisti-izbora-za-klix-auto-godine-2026-birajte-i-vi-svog-favorita\/","name":"Ovo su finalisti izbora za Klix Auto godine 2026.: Birajte i vi svog favorita! - Fiks.ba","isPartOf":{"@id":"https:\/\/fiks.ba\/#website"},"primaryImageOfPage":{"@id":"https:\/\/fiks.ba\/index.php\/2026\/03\/03\/ovo-su-finalisti-izbora-za-klix-auto-godine-2026-birajte-i-vi-svog-favorita\/#primaryimage"},"image":{"@id":"https:\/\/fiks.ba\/index.php\/2026\/03\/03\/ovo-su-finalisti-izbora-za-klix-auto-godine-2026-birajte-i-vi-svog-favorita\/#primaryimage"},"thumbnailUrl":"https:\/\/fiks.ba\/wp-content\/uploads\/2026\/03\/Screenshot-2026-03-03-204851.png","datePublished":"2026-03-03T19:49:13+00:00","dateModified":"2026-03-03T19:49:16+00:00","author":{"@id":"https:\/\/fiks.ba\/#\/schema\/person\/a4e393e61513d1b0cf9da705602dec58"},"breadcrumb":{"@id":"https:\/\/fiks.ba\/index.php\/2026\/03\/03\/ovo-su-finalisti-izbora-za-klix-auto-godine-2026-birajte-i-vi-svog-favorita\/#breadcrumb"},"inLanguage":"bs-BA","potentialAction":[{"@type":"ReadAction","target":["https:\/\/fiks.ba\/index.php\/2026\/03\/03\/ovo-su-finalisti-izbora-za-klix-auto-godine-2026-birajte-i-vi-svog-favorita\/"]}]},{"@type":"ImageObject","inLanguage":"bs-BA","@id":"https:\/\/fiks.ba\/index.php\/2026\/03\/03\/ovo-su-finalisti-izbora-za-klix-auto-godine-2026-birajte-i-vi-svog-favorita\/#primaryimage","url":"https:\/\/fiks.ba\/wp-content\/uploads\/2026\/03\/Screenshot-2026-03-03-204851.png","contentUrl":"https:\/\/fiks.ba\/wp-content\/uploads\/2026\/03\/Screenshot-2026-03-03-204851.png","width":789,"height":526},{"@type":"BreadcrumbList","@id":"https:\/\/fiks.ba\/index.php\/2026\/03\/03\/ovo-su-finalisti-izbora-za-klix-auto-godine-2026-birajte-i-vi-svog-favorita\/#breadcrumb","itemListElement":[{"@type":"ListItem","position":1,"name":"Home","item":"https:\/\/fiks.ba\/"},{"@type":"ListItem","position":2,"name":"Ovo su finalisti izbora za Klix Auto godine 2026.: Birajte i vi svog favorita!"}]},{"@type":"WebSite","@id":"https:\/\/fiks.ba\/#website","url":"https:\/\/fiks.ba\/","name":"Fiks.ba","description":"Web portal","potentialAction":[{"@type":"SearchAction","target":{"@type":"EntryPoint","urlTemplate":"https:\/\/fiks.ba\/?s={search_term_string}"},"query-input":{"@type":"PropertyValueSpecification","valueRequired":true,"valueName":"search_term_string"}}],"inLanguage":"bs-BA"},{"@type":"Person","@id":"https:\/\/fiks.ba\/#\/schema\/person\/a4e393e61513d1b0cf9da705602dec58","name":"Fiks.ba","image":{"@type":"ImageObject","inLanguage":"bs-BA","@id":"https:\/\/secure.gravatar.com\/avatar\/87c381ee05f0fddb469f8a0b9b90d7d4c5a3b6eedd5674e223973548eb1deb2e?s=96&d=mm&r=g","url":"https:\/\/secure.gravatar.com\/avatar\/87c381ee05f0fddb469f8a0b9b90d7d4c5a3b6eedd5674e223973548eb1deb2e?s=96&d=mm&r=g","contentUrl":"https:\/\/secure.gravatar.com\/avatar\/87c381ee05f0fddb469f8a0b9b90d7d4c5a3b6eedd5674e223973548eb1deb2e?s=96&d=mm&r=g","caption":"Fiks.ba"},"sameAs":["113443950416111"],"url":"https:\/\/fiks.ba\/index.php\/author\/selma\/"}]}},"jetpack_publicize_connections":[],"jetpack_featured_media_url":"https:\/\/fiks.ba\/wp-content\/uploads\/2026\/03\/Screenshot-2026-03-03-204851.png","jetpack_sharing_enabled":true,"_links":{"self":[{"href":"https:\/\/fiks.ba\/index.php\/wp-json\/wp\/v2\/posts\/28667","targetHints":{"allow":["GET"]}}],"collection":[{"href":"https:\/\/fiks.ba\/index.php\/wp-json\/wp\/v2\/posts"}],"about":[{"href":"https:\/\/fiks.ba\/index.php\/wp-json\/wp\/v2\/types\/post"}],"author":[{"embeddable":true,"href":"https:\/\/fiks.ba\/index.php\/wp-json\/wp\/v2\/users\/2"}],"replies":[{"embeddable":true,"href":"https:\/\/fiks.ba\/index.php\/wp-json\/wp\/v2\/comments?post=28667"}],"version-history":[{"count":1,"href":"https:\/\/fiks.ba\/index.php\/wp-json\/wp\/v2\/posts\/28667\/revisions"}],"predecessor-version":[{"id":28678,"href":"https:\/\/fiks.ba\/index.php\/wp-json\/wp\/v2\/posts\/28667\/revisions\/28678"}],"wp:featuredmedia":[{"embeddable":true,"href":"https:\/\/fiks.ba\/index.php\/wp-json\/wp\/v2\/media\/28677"}],"wp:attachment":[{"href":"https:\/\/fiks.ba\/index.php\/wp-json\/wp\/v2\/media?parent=28667"}],"wp:term":[{"taxonomy":"category","embeddable":true,"href":"https:\/\/fiks.ba\/index.php\/wp-json\/wp\/v2\/categories?post=28667"},{"taxonomy":"post_tag","embeddable":true,"href":"https:\/\/fiks.ba\/index.php\/wp-json\/wp\/v2\/tags?post=28667"}],"curies":[{"name":"wp","href":"https:\/\/api.w.org\/{rel}","templated":true}]}}