{"id":19382,"date":"2024-11-22T22:14:03","date_gmt":"2024-11-22T21:14:03","guid":{"rendered":"https:\/\/fiks.ba\/?p=19382"},"modified":"2024-11-22T22:14:06","modified_gmt":"2024-11-22T21:14:06","slug":"hrvatski-premijer-andrej-plenkovic-je-rekao-da-ne-moze-prihvatiti-izjednacavanje-demokratski-izabranog-izraelskog-vodstva-s-liderima-hamasa-za-kojima-je-medjunarodni-krivicni-sud-icc-izdao-potjerni","status":"publish","type":"post","link":"https:\/\/fiks.ba\/index.php\/2024\/11\/22\/hrvatski-premijer-andrej-plenkovic-je-rekao-da-ne-moze-prihvatiti-izjednacavanje-demokratski-izabranog-izraelskog-vodstva-s-liderima-hamasa-za-kojima-je-medjunarodni-krivicni-sud-icc-izdao-potjerni\/","title":{"rendered":"Hrvatski premijer Andrej Plenkovi\u0107 je rekao da ne mo\u017ee prihvatiti izjedna\u010davanje demokratski izabranog izraelskog vodstva s liderima Hamasa, za kojima je Me\u0111unarodni krivi\u010dni sud (ICC) izdao potjernicu."},"content":{"rendered":"\n<p class=\"wp-block-paragraph\">&#8220;Ne mogu politi\u010dki prihvatiti da su u istom rangu demokratski izabrani \u010delnici jedne dr\u017eave kao \u0161to je Izrael, s kojima imamo odli\u010dne odnose, i \u010delnici teroristi\u010dke organizacije kao \u0161to je Hamas&#8221;, rekao je Plenkovi\u0107 u Opatiji.<\/p>\n\n\n\n<p class=\"wp-block-paragraph\">Plenkovi\u0107 nije direktno rekao \u0161to bi Hrvatska u\u010dinila u tom slu\u010daju, nagla\u0161avaju\u0107i da je &#8220;vrlo te\u0161ko da \u0107e se na\u0107i u toj situaciji&#8221;.<\/p>\n\n\n\n<p class=\"wp-block-paragraph\">&#8220;No treba po\u0161tovati preuzete obaveze u smislu pravosudnog tijela jer dr\u017eava u suprotnom ne bi bila konzistentna s onim \u0161to je rekla prije&#8221;, kazao je Plenkovi\u0107.<\/p>\n\n\n\n<p class=\"wp-block-paragraph\">Podsje\u0107amo, Me\u0111unarodni krivi\u010dni sud (ICC) izdao je naloge za hap\u0161enje izraelskog premijera Benjamina Netanyahua i njegovog biv\u0161eg ministra obrane Yoava Gallanta, kao i za vo\u0111u Hamasa Ibrahima al-Masrija, zbog navodnih ratnih zlo\u010dina i zlo\u010dina protiv \u010dovje\u010dnosti u sukobu u Gazi.<\/p>\n\n\n\n<p class=\"wp-block-paragraph\">Potpisnice Rimskog statuta, dokumenta kojim je utemeljen ICC, obavezne su provoditi naloge za hap\u0161nje tog suda.<\/p>\n\n\n\n<p class=\"wp-block-paragraph\">Pojedine dr\u017eave, poput Irske, Nizozemske i Slovenije, objavile su da \u0107e po\u0161tovati te naloge, no neke zemlje poput Ma\u0111arske objavile su da ne bi uhapsile izraelskog premijera.<\/p>\n\n\n\n<p class=\"wp-block-paragraph\">Rimski statut stupio je na snagu 1. jula 2002. godine. Ratificirale su ga 123 zemlje nad \u010dijim teritorijima sud ima nadle\u017enost. Me\u0111u njima nisu Sjedinjene Ameri\u010dke Dr\u017eave, Kina, Rusija, Indija, Izrael, Pakistan, Saudijska Arabija, Turska i Iran.<\/p>\n\n\n\n<figure class=\"wp-block-image size-full\"><img loading=\"lazy\" decoding=\"async\" width=\"800\" height=\"533\" src=\"https:\/\/fiks.ba\/wp-content\/uploads\/2024\/11\/b_241122210.webp\" alt=\"\" class=\"wp-image-19383\"\/><\/figure>\n","protected":false},"excerpt":{"rendered":"<p>&#8220;Ne mogu politi\u010dki prihvatiti da su u istom rangu demokratski izabrani \u010delnici jedne dr\u017eave kao \u0161to je Izrael, s kojima imamo odli\u010dne odnose, i \u010delnici teroristi\u010dke organizacije kao \u0161to je Hamas&#8221;, rekao je Plenkovi\u0107 u Opatiji. Plenkovi\u0107 nije direktno rekao \u0161to bi Hrvatska u\u010dinila u tom slu\u010daju, nagla\u0161avaju\u0107i da je &#8220;vrlo te\u0161ko da \u0107e se &hellip;<\/p>\n","protected":false},"author":2,"featured_media":19383,"comment_status":"open","ping_status":"open","sticky":false,"template":"","format":"standard","meta":{"_jetpack_newsletter_access":"","_jetpack_dont_email_post_to_subs":false,"_jetpack_newsletter_tier_id":0,"_jetpack_memberships_contains_paywalled_content":false,"_jetpack_feature_clip_id":0,"_jetpack_memberships_contains_paid_content":false,"footnotes":"","jetpack_publicize_message":"","jetpack_publicize_feature_enabled":true,"jetpack_social_post_already_shared":true,"jetpack_social_options":{"image_generator_settings":{"template":"highway","default_image_id":0,"font":"","enabled":false},"version":2},"jetpack_post_was_ever_published":false},"categories":[20],"tags":[],"class_list":["post-19382","post","type-post","status-publish","format-standard","has-post-thumbnail","hentry","category-crnahronika"],"yoast_head":"<!-- This site is optimized with the Yoast SEO plugin v27.8 - https:\/\/yoast.com\/product\/yoast-seo-wordpress\/ -->\n<title>Hrvatski premijer Andrej Plenkovi\u0107 je rekao da ne mo\u017ee prihvatiti izjedna\u010davanje demokratski izabranog izraelskog vodstva s liderima Hamasa, za kojima je Me\u0111unarodni krivi\u010dni sud (ICC) izdao potjernicu. - Fiks.ba<\/title>\n<meta name=\"robots\" content=\"index, follow, max-snippet:-1, max-image-preview:large, max-video-preview:-1\" \/>\n<link rel=\"canonical\" href=\"https:\/\/fiks.ba\/index.php\/2024\/11\/22\/hrvatski-premijer-andrej-plenkovic-je-rekao-da-ne-moze-prihvatiti-izjednacavanje-demokratski-izabranog-izraelskog-vodstva-s-liderima-hamasa-za-kojima-je-medjunarodni-krivicni-sud-icc-izdao-potjerni\/\" \/>\n<meta property=\"og:locale\" content=\"bs_BA\" \/>\n<meta property=\"og:type\" content=\"article\" \/>\n<meta property=\"og:title\" content=\"Hrvatski premijer Andrej Plenkovi\u0107 je rekao da ne mo\u017ee prihvatiti izjedna\u010davanje demokratski izabranog izraelskog vodstva s liderima Hamasa, za kojima je Me\u0111unarodni krivi\u010dni sud (ICC) izdao potjernicu. - Fiks.ba\" \/>\n<meta property=\"og:description\" content=\"&#8220;Ne mogu politi\u010dki prihvatiti da su u istom rangu demokratski izabrani \u010delnici jedne dr\u017eave kao \u0161to je Izrael, s kojima imamo odli\u010dne odnose, i \u010delnici teroristi\u010dke organizacije kao \u0161to je Hamas&#8221;, rekao je Plenkovi\u0107 u Opatiji. Plenkovi\u0107 nije direktno rekao \u0161to bi Hrvatska u\u010dinila u tom slu\u010daju, nagla\u0161avaju\u0107i da je &#8220;vrlo te\u0161ko da \u0107e se &hellip;\" \/>\n<meta property=\"og:url\" content=\"https:\/\/fiks.ba\/index.php\/2024\/11\/22\/hrvatski-premijer-andrej-plenkovic-je-rekao-da-ne-moze-prihvatiti-izjednacavanje-demokratski-izabranog-izraelskog-vodstva-s-liderima-hamasa-za-kojima-je-medjunarodni-krivicni-sud-icc-izdao-potjerni\/\" \/>\n<meta property=\"og:site_name\" content=\"Fiks.ba\" \/>\n<meta property=\"article:author\" content=\"113443950416111\" \/>\n<meta property=\"article:published_time\" content=\"2024-11-22T21:14:03+00:00\" \/>\n<meta property=\"article:modified_time\" content=\"2024-11-22T21:14:06+00:00\" \/>\n<meta property=\"og:image\" content=\"https:\/\/fiks.ba\/wp-content\/uploads\/2024\/11\/b_241122210.webp\" \/>\n\t<meta property=\"og:image:width\" content=\"800\" \/>\n\t<meta property=\"og:image:height\" content=\"533\" \/>\n\t<meta property=\"og:image:type\" content=\"image\/webp\" \/>\n<meta name=\"author\" content=\"Fiks.ba\" \/>\n<meta name=\"twitter:card\" content=\"summary_large_image\" \/>\n<meta name=\"twitter:label1\" content=\"Written by\" \/>\n\t<meta name=\"twitter:data1\" content=\"Fiks.ba\" \/>\n\t<meta name=\"twitter:label2\" content=\"Est. reading time\" \/>\n\t<meta name=\"twitter:data2\" content=\"2 minute\" \/>\n<script type=\"application\/ld+json\" class=\"yoast-schema-graph\">{\"@context\":\"https:\\\/\\\/schema.org\",\"@graph\":[{\"@type\":\"Article\",\"@id\":\"https:\\\/\\\/fiks.ba\\\/index.php\\\/2024\\\/11\\\/22\\\/hrvatski-premijer-andrej-plenkovic-je-rekao-da-ne-moze-prihvatiti-izjednacavanje-demokratski-izabranog-izraelskog-vodstva-s-liderima-hamasa-za-kojima-je-medjunarodni-krivicni-sud-icc-izdao-potjerni\\\/#article\",\"isPartOf\":{\"@id\":\"https:\\\/\\\/fiks.ba\\\/index.php\\\/2024\\\/11\\\/22\\\/hrvatski-premijer-andrej-plenkovic-je-rekao-da-ne-moze-prihvatiti-izjednacavanje-demokratski-izabranog-izraelskog-vodstva-s-liderima-hamasa-za-kojima-je-medjunarodni-krivicni-sud-icc-izdao-potjerni\\\/\"},\"author\":{\"name\":\"Fiks.ba\",\"@id\":\"https:\\\/\\\/fiks.ba\\\/#\\\/schema\\\/person\\\/a4e393e61513d1b0cf9da705602dec58\"},\"headline\":\"Hrvatski premijer Andrej Plenkovi\u0107 je rekao da ne mo\u017ee prihvatiti izjedna\u010davanje demokratski izabranog izraelskog vodstva s liderima Hamasa, za kojima je Me\u0111unarodni krivi\u010dni sud (ICC) izdao potjernicu.\",\"datePublished\":\"2024-11-22T21:14:03+00:00\",\"dateModified\":\"2024-11-22T21:14:06+00:00\",\"mainEntityOfPage\":{\"@id\":\"https:\\\/\\\/fiks.ba\\\/index.php\\\/2024\\\/11\\\/22\\\/hrvatski-premijer-andrej-plenkovic-je-rekao-da-ne-moze-prihvatiti-izjednacavanje-demokratski-izabranog-izraelskog-vodstva-s-liderima-hamasa-za-kojima-je-medjunarodni-krivicni-sud-icc-izdao-potjerni\\\/\"},\"wordCount\":262,\"commentCount\":0,\"image\":{\"@id\":\"https:\\\/\\\/fiks.ba\\\/index.php\\\/2024\\\/11\\\/22\\\/hrvatski-premijer-andrej-plenkovic-je-rekao-da-ne-moze-prihvatiti-izjednacavanje-demokratski-izabranog-izraelskog-vodstva-s-liderima-hamasa-za-kojima-je-medjunarodni-krivicni-sud-icc-izdao-potjerni\\\/#primaryimage\"},\"thumbnailUrl\":\"https:\\\/\\\/fiks.ba\\\/wp-content\\\/uploads\\\/2024\\\/11\\\/b_241122210.webp\",\"articleSection\":[\"Crna hronika\"],\"inLanguage\":\"bs-BA\",\"potentialAction\":[{\"@type\":\"CommentAction\",\"name\":\"Comment\",\"target\":[\"https:\\\/\\\/fiks.ba\\\/index.php\\\/2024\\\/11\\\/22\\\/hrvatski-premijer-andrej-plenkovic-je-rekao-da-ne-moze-prihvatiti-izjednacavanje-demokratski-izabranog-izraelskog-vodstva-s-liderima-hamasa-za-kojima-je-medjunarodni-krivicni-sud-icc-izdao-potjerni\\\/#respond\"]}]},{\"@type\":\"WebPage\",\"@id\":\"https:\\\/\\\/fiks.ba\\\/index.php\\\/2024\\\/11\\\/22\\\/hrvatski-premijer-andrej-plenkovic-je-rekao-da-ne-moze-prihvatiti-izjednacavanje-demokratski-izabranog-izraelskog-vodstva-s-liderima-hamasa-za-kojima-je-medjunarodni-krivicni-sud-icc-izdao-potjerni\\\/\",\"url\":\"https:\\\/\\\/fiks.ba\\\/index.php\\\/2024\\\/11\\\/22\\\/hrvatski-premijer-andrej-plenkovic-je-rekao-da-ne-moze-prihvatiti-izjednacavanje-demokratski-izabranog-izraelskog-vodstva-s-liderima-hamasa-za-kojima-je-medjunarodni-krivicni-sud-icc-izdao-potjerni\\\/\",\"name\":\"Hrvatski premijer Andrej Plenkovi\u0107 je rekao da ne mo\u017ee prihvatiti izjedna\u010davanje demokratski izabranog izraelskog vodstva s liderima Hamasa, za kojima je Me\u0111unarodni krivi\u010dni sud (ICC) izdao potjernicu. - Fiks.ba\",\"isPartOf\":{\"@id\":\"https:\\\/\\\/fiks.ba\\\/#website\"},\"primaryImageOfPage\":{\"@id\":\"https:\\\/\\\/fiks.ba\\\/index.php\\\/2024\\\/11\\\/22\\\/hrvatski-premijer-andrej-plenkovic-je-rekao-da-ne-moze-prihvatiti-izjednacavanje-demokratski-izabranog-izraelskog-vodstva-s-liderima-hamasa-za-kojima-je-medjunarodni-krivicni-sud-icc-izdao-potjerni\\\/#primaryimage\"},\"image\":{\"@id\":\"https:\\\/\\\/fiks.ba\\\/index.php\\\/2024\\\/11\\\/22\\\/hrvatski-premijer-andrej-plenkovic-je-rekao-da-ne-moze-prihvatiti-izjednacavanje-demokratski-izabranog-izraelskog-vodstva-s-liderima-hamasa-za-kojima-je-medjunarodni-krivicni-sud-icc-izdao-potjerni\\\/#primaryimage\"},\"thumbnailUrl\":\"https:\\\/\\\/fiks.ba\\\/wp-content\\\/uploads\\\/2024\\\/11\\\/b_241122210.webp\",\"datePublished\":\"2024-11-22T21:14:03+00:00\",\"dateModified\":\"2024-11-22T21:14:06+00:00\",\"author\":{\"@id\":\"https:\\\/\\\/fiks.ba\\\/#\\\/schema\\\/person\\\/a4e393e61513d1b0cf9da705602dec58\"},\"breadcrumb\":{\"@id\":\"https:\\\/\\\/fiks.ba\\\/index.php\\\/2024\\\/11\\\/22\\\/hrvatski-premijer-andrej-plenkovic-je-rekao-da-ne-moze-prihvatiti-izjednacavanje-demokratski-izabranog-izraelskog-vodstva-s-liderima-hamasa-za-kojima-je-medjunarodni-krivicni-sud-icc-izdao-potjerni\\\/#breadcrumb\"},\"inLanguage\":\"bs-BA\",\"potentialAction\":[{\"@type\":\"ReadAction\",\"target\":[\"https:\\\/\\\/fiks.ba\\\/index.php\\\/2024\\\/11\\\/22\\\/hrvatski-premijer-andrej-plenkovic-je-rekao-da-ne-moze-prihvatiti-izjednacavanje-demokratski-izabranog-izraelskog-vodstva-s-liderima-hamasa-za-kojima-je-medjunarodni-krivicni-sud-icc-izdao-potjerni\\\/\"]}]},{\"@type\":\"ImageObject\",\"inLanguage\":\"bs-BA\",\"@id\":\"https:\\\/\\\/fiks.ba\\\/index.php\\\/2024\\\/11\\\/22\\\/hrvatski-premijer-andrej-plenkovic-je-rekao-da-ne-moze-prihvatiti-izjednacavanje-demokratski-izabranog-izraelskog-vodstva-s-liderima-hamasa-za-kojima-je-medjunarodni-krivicni-sud-icc-izdao-potjerni\\\/#primaryimage\",\"url\":\"https:\\\/\\\/fiks.ba\\\/wp-content\\\/uploads\\\/2024\\\/11\\\/b_241122210.webp\",\"contentUrl\":\"https:\\\/\\\/fiks.ba\\\/wp-content\\\/uploads\\\/2024\\\/11\\\/b_241122210.webp\",\"width\":800,\"height\":533},{\"@type\":\"BreadcrumbList\",\"@id\":\"https:\\\/\\\/fiks.ba\\\/index.php\\\/2024\\\/11\\\/22\\\/hrvatski-premijer-andrej-plenkovic-je-rekao-da-ne-moze-prihvatiti-izjednacavanje-demokratski-izabranog-izraelskog-vodstva-s-liderima-hamasa-za-kojima-je-medjunarodni-krivicni-sud-icc-izdao-potjerni\\\/#breadcrumb\",\"itemListElement\":[{\"@type\":\"ListItem\",\"position\":1,\"name\":\"Home\",\"item\":\"https:\\\/\\\/fiks.ba\\\/\"},{\"@type\":\"ListItem\",\"position\":2,\"name\":\"Hrvatski premijer Andrej Plenkovi\u0107 je rekao da ne mo\u017ee prihvatiti izjedna\u010davanje demokratski izabranog izraelskog vodstva s liderima Hamasa, za kojima je Me\u0111unarodni krivi\u010dni sud (ICC) izdao potjernicu.\"}]},{\"@type\":\"WebSite\",\"@id\":\"https:\\\/\\\/fiks.ba\\\/#website\",\"url\":\"https:\\\/\\\/fiks.ba\\\/\",\"name\":\"Fiks.ba\",\"description\":\"Web portal\",\"potentialAction\":[{\"@type\":\"SearchAction\",\"target\":{\"@type\":\"EntryPoint\",\"urlTemplate\":\"https:\\\/\\\/fiks.ba\\\/?s={search_term_string}\"},\"query-input\":{\"@type\":\"PropertyValueSpecification\",\"valueRequired\":true,\"valueName\":\"search_term_string\"}}],\"inLanguage\":\"bs-BA\"},{\"@type\":\"Person\",\"@id\":\"https:\\\/\\\/fiks.ba\\\/#\\\/schema\\\/person\\\/a4e393e61513d1b0cf9da705602dec58\",\"name\":\"Fiks.ba\",\"image\":{\"@type\":\"ImageObject\",\"inLanguage\":\"bs-BA\",\"@id\":\"https:\\\/\\\/secure.gravatar.com\\\/avatar\\\/87c381ee05f0fddb469f8a0b9b90d7d4c5a3b6eedd5674e223973548eb1deb2e?s=96&d=mm&r=g\",\"url\":\"https:\\\/\\\/secure.gravatar.com\\\/avatar\\\/87c381ee05f0fddb469f8a0b9b90d7d4c5a3b6eedd5674e223973548eb1deb2e?s=96&d=mm&r=g\",\"contentUrl\":\"https:\\\/\\\/secure.gravatar.com\\\/avatar\\\/87c381ee05f0fddb469f8a0b9b90d7d4c5a3b6eedd5674e223973548eb1deb2e?s=96&d=mm&r=g\",\"caption\":\"Fiks.ba\"},\"sameAs\":[\"113443950416111\"],\"url\":\"https:\\\/\\\/fiks.ba\\\/index.php\\\/author\\\/selma\\\/\"}]}<\/script>\n<!-- \/ Yoast SEO plugin. -->","yoast_head_json":{"title":"Hrvatski premijer Andrej Plenkovi\u0107 je rekao da ne mo\u017ee prihvatiti izjedna\u010davanje demokratski izabranog izraelskog vodstva s liderima Hamasa, za kojima je Me\u0111unarodni krivi\u010dni sud (ICC) izdao potjernicu. - Fiks.ba","robots":{"index":"index","follow":"follow","max-snippet":"max-snippet:-1","max-image-preview":"max-image-preview:large","max-video-preview":"max-video-preview:-1"},"canonical":"https:\/\/fiks.ba\/index.php\/2024\/11\/22\/hrvatski-premijer-andrej-plenkovic-je-rekao-da-ne-moze-prihvatiti-izjednacavanje-demokratski-izabranog-izraelskog-vodstva-s-liderima-hamasa-za-kojima-je-medjunarodni-krivicni-sud-icc-izdao-potjerni\/","og_locale":"bs_BA","og_type":"article","og_title":"Hrvatski premijer Andrej Plenkovi\u0107 je rekao da ne mo\u017ee prihvatiti izjedna\u010davanje demokratski izabranog izraelskog vodstva s liderima Hamasa, za kojima je Me\u0111unarodni krivi\u010dni sud (ICC) izdao potjernicu. - Fiks.ba","og_description":"&#8220;Ne mogu politi\u010dki prihvatiti da su u istom rangu demokratski izabrani \u010delnici jedne dr\u017eave kao \u0161to je Izrael, s kojima imamo odli\u010dne odnose, i \u010delnici teroristi\u010dke organizacije kao \u0161to je Hamas&#8221;, rekao je Plenkovi\u0107 u Opatiji. Plenkovi\u0107 nije direktno rekao \u0161to bi Hrvatska u\u010dinila u tom slu\u010daju, nagla\u0161avaju\u0107i da je &#8220;vrlo te\u0161ko da \u0107e se &hellip;","og_url":"https:\/\/fiks.ba\/index.php\/2024\/11\/22\/hrvatski-premijer-andrej-plenkovic-je-rekao-da-ne-moze-prihvatiti-izjednacavanje-demokratski-izabranog-izraelskog-vodstva-s-liderima-hamasa-za-kojima-je-medjunarodni-krivicni-sud-icc-izdao-potjerni\/","og_site_name":"Fiks.ba","article_author":"113443950416111","article_published_time":"2024-11-22T21:14:03+00:00","article_modified_time":"2024-11-22T21:14:06+00:00","og_image":[{"width":800,"height":533,"url":"https:\/\/fiks.ba\/wp-content\/uploads\/2024\/11\/b_241122210.webp","type":"image\/webp"}],"author":"Fiks.ba","twitter_card":"summary_large_image","twitter_misc":{"Written by":"Fiks.ba","Est. reading time":"2 minute"},"schema":{"@context":"https:\/\/schema.org","@graph":[{"@type":"Article","@id":"https:\/\/fiks.ba\/index.php\/2024\/11\/22\/hrvatski-premijer-andrej-plenkovic-je-rekao-da-ne-moze-prihvatiti-izjednacavanje-demokratski-izabranog-izraelskog-vodstva-s-liderima-hamasa-za-kojima-je-medjunarodni-krivicni-sud-icc-izdao-potjerni\/#article","isPartOf":{"@id":"https:\/\/fiks.ba\/index.php\/2024\/11\/22\/hrvatski-premijer-andrej-plenkovic-je-rekao-da-ne-moze-prihvatiti-izjednacavanje-demokratski-izabranog-izraelskog-vodstva-s-liderima-hamasa-za-kojima-je-medjunarodni-krivicni-sud-icc-izdao-potjerni\/"},"author":{"name":"Fiks.ba","@id":"https:\/\/fiks.ba\/#\/schema\/person\/a4e393e61513d1b0cf9da705602dec58"},"headline":"Hrvatski premijer Andrej Plenkovi\u0107 je rekao da ne mo\u017ee prihvatiti izjedna\u010davanje demokratski izabranog izraelskog vodstva s liderima Hamasa, za kojima je Me\u0111unarodni krivi\u010dni sud (ICC) izdao potjernicu.","datePublished":"2024-11-22T21:14:03+00:00","dateModified":"2024-11-22T21:14:06+00:00","mainEntityOfPage":{"@id":"https:\/\/fiks.ba\/index.php\/2024\/11\/22\/hrvatski-premijer-andrej-plenkovic-je-rekao-da-ne-moze-prihvatiti-izjednacavanje-demokratski-izabranog-izraelskog-vodstva-s-liderima-hamasa-za-kojima-je-medjunarodni-krivicni-sud-icc-izdao-potjerni\/"},"wordCount":262,"commentCount":0,"image":{"@id":"https:\/\/fiks.ba\/index.php\/2024\/11\/22\/hrvatski-premijer-andrej-plenkovic-je-rekao-da-ne-moze-prihvatiti-izjednacavanje-demokratski-izabranog-izraelskog-vodstva-s-liderima-hamasa-za-kojima-je-medjunarodni-krivicni-sud-icc-izdao-potjerni\/#primaryimage"},"thumbnailUrl":"https:\/\/fiks.ba\/wp-content\/uploads\/2024\/11\/b_241122210.webp","articleSection":["Crna hronika"],"inLanguage":"bs-BA","potentialAction":[{"@type":"CommentAction","name":"Comment","target":["https:\/\/fiks.ba\/index.php\/2024\/11\/22\/hrvatski-premijer-andrej-plenkovic-je-rekao-da-ne-moze-prihvatiti-izjednacavanje-demokratski-izabranog-izraelskog-vodstva-s-liderima-hamasa-za-kojima-je-medjunarodni-krivicni-sud-icc-izdao-potjerni\/#respond"]}]},{"@type":"WebPage","@id":"https:\/\/fiks.ba\/index.php\/2024\/11\/22\/hrvatski-premijer-andrej-plenkovic-je-rekao-da-ne-moze-prihvatiti-izjednacavanje-demokratski-izabranog-izraelskog-vodstva-s-liderima-hamasa-za-kojima-je-medjunarodni-krivicni-sud-icc-izdao-potjerni\/","url":"https:\/\/fiks.ba\/index.php\/2024\/11\/22\/hrvatski-premijer-andrej-plenkovic-je-rekao-da-ne-moze-prihvatiti-izjednacavanje-demokratski-izabranog-izraelskog-vodstva-s-liderima-hamasa-za-kojima-je-medjunarodni-krivicni-sud-icc-izdao-potjerni\/","name":"Hrvatski premijer Andrej Plenkovi\u0107 je rekao da ne mo\u017ee prihvatiti izjedna\u010davanje demokratski izabranog izraelskog vodstva s liderima Hamasa, za kojima je Me\u0111unarodni krivi\u010dni sud (ICC) izdao potjernicu. - Fiks.ba","isPartOf":{"@id":"https:\/\/fiks.ba\/#website"},"primaryImageOfPage":{"@id":"https:\/\/fiks.ba\/index.php\/2024\/11\/22\/hrvatski-premijer-andrej-plenkovic-je-rekao-da-ne-moze-prihvatiti-izjednacavanje-demokratski-izabranog-izraelskog-vodstva-s-liderima-hamasa-za-kojima-je-medjunarodni-krivicni-sud-icc-izdao-potjerni\/#primaryimage"},"image":{"@id":"https:\/\/fiks.ba\/index.php\/2024\/11\/22\/hrvatski-premijer-andrej-plenkovic-je-rekao-da-ne-moze-prihvatiti-izjednacavanje-demokratski-izabranog-izraelskog-vodstva-s-liderima-hamasa-za-kojima-je-medjunarodni-krivicni-sud-icc-izdao-potjerni\/#primaryimage"},"thumbnailUrl":"https:\/\/fiks.ba\/wp-content\/uploads\/2024\/11\/b_241122210.webp","datePublished":"2024-11-22T21:14:03+00:00","dateModified":"2024-11-22T21:14:06+00:00","author":{"@id":"https:\/\/fiks.ba\/#\/schema\/person\/a4e393e61513d1b0cf9da705602dec58"},"breadcrumb":{"@id":"https:\/\/fiks.ba\/index.php\/2024\/11\/22\/hrvatski-premijer-andrej-plenkovic-je-rekao-da-ne-moze-prihvatiti-izjednacavanje-demokratski-izabranog-izraelskog-vodstva-s-liderima-hamasa-za-kojima-je-medjunarodni-krivicni-sud-icc-izdao-potjerni\/#breadcrumb"},"inLanguage":"bs-BA","potentialAction":[{"@type":"ReadAction","target":["https:\/\/fiks.ba\/index.php\/2024\/11\/22\/hrvatski-premijer-andrej-plenkovic-je-rekao-da-ne-moze-prihvatiti-izjednacavanje-demokratski-izabranog-izraelskog-vodstva-s-liderima-hamasa-za-kojima-je-medjunarodni-krivicni-sud-icc-izdao-potjerni\/"]}]},{"@type":"ImageObject","inLanguage":"bs-BA","@id":"https:\/\/fiks.ba\/index.php\/2024\/11\/22\/hrvatski-premijer-andrej-plenkovic-je-rekao-da-ne-moze-prihvatiti-izjednacavanje-demokratski-izabranog-izraelskog-vodstva-s-liderima-hamasa-za-kojima-je-medjunarodni-krivicni-sud-icc-izdao-potjerni\/#primaryimage","url":"https:\/\/fiks.ba\/wp-content\/uploads\/2024\/11\/b_241122210.webp","contentUrl":"https:\/\/fiks.ba\/wp-content\/uploads\/2024\/11\/b_241122210.webp","width":800,"height":533},{"@type":"BreadcrumbList","@id":"https:\/\/fiks.ba\/index.php\/2024\/11\/22\/hrvatski-premijer-andrej-plenkovic-je-rekao-da-ne-moze-prihvatiti-izjednacavanje-demokratski-izabranog-izraelskog-vodstva-s-liderima-hamasa-za-kojima-je-medjunarodni-krivicni-sud-icc-izdao-potjerni\/#breadcrumb","itemListElement":[{"@type":"ListItem","position":1,"name":"Home","item":"https:\/\/fiks.ba\/"},{"@type":"ListItem","position":2,"name":"Hrvatski premijer Andrej Plenkovi\u0107 je rekao da ne mo\u017ee prihvatiti izjedna\u010davanje demokratski izabranog izraelskog vodstva s liderima Hamasa, za kojima je Me\u0111unarodni krivi\u010dni sud (ICC) izdao potjernicu."}]},{"@type":"WebSite","@id":"https:\/\/fiks.ba\/#website","url":"https:\/\/fiks.ba\/","name":"Fiks.ba","description":"Web portal","potentialAction":[{"@type":"SearchAction","target":{"@type":"EntryPoint","urlTemplate":"https:\/\/fiks.ba\/?s={search_term_string}"},"query-input":{"@type":"PropertyValueSpecification","valueRequired":true,"valueName":"search_term_string"}}],"inLanguage":"bs-BA"},{"@type":"Person","@id":"https:\/\/fiks.ba\/#\/schema\/person\/a4e393e61513d1b0cf9da705602dec58","name":"Fiks.ba","image":{"@type":"ImageObject","inLanguage":"bs-BA","@id":"https:\/\/secure.gravatar.com\/avatar\/87c381ee05f0fddb469f8a0b9b90d7d4c5a3b6eedd5674e223973548eb1deb2e?s=96&d=mm&r=g","url":"https:\/\/secure.gravatar.com\/avatar\/87c381ee05f0fddb469f8a0b9b90d7d4c5a3b6eedd5674e223973548eb1deb2e?s=96&d=mm&r=g","contentUrl":"https:\/\/secure.gravatar.com\/avatar\/87c381ee05f0fddb469f8a0b9b90d7d4c5a3b6eedd5674e223973548eb1deb2e?s=96&d=mm&r=g","caption":"Fiks.ba"},"sameAs":["113443950416111"],"url":"https:\/\/fiks.ba\/index.php\/author\/selma\/"}]}},"jetpack_publicize_connections":[],"jetpack_featured_media_url":"https:\/\/fiks.ba\/wp-content\/uploads\/2024\/11\/b_241122210.webp","jetpack_sharing_enabled":true,"_links":{"self":[{"href":"https:\/\/fiks.ba\/index.php\/wp-json\/wp\/v2\/posts\/19382","targetHints":{"allow":["GET"]}}],"collection":[{"href":"https:\/\/fiks.ba\/index.php\/wp-json\/wp\/v2\/posts"}],"about":[{"href":"https:\/\/fiks.ba\/index.php\/wp-json\/wp\/v2\/types\/post"}],"author":[{"embeddable":true,"href":"https:\/\/fiks.ba\/index.php\/wp-json\/wp\/v2\/users\/2"}],"replies":[{"embeddable":true,"href":"https:\/\/fiks.ba\/index.php\/wp-json\/wp\/v2\/comments?post=19382"}],"version-history":[{"count":1,"href":"https:\/\/fiks.ba\/index.php\/wp-json\/wp\/v2\/posts\/19382\/revisions"}],"predecessor-version":[{"id":19384,"href":"https:\/\/fiks.ba\/index.php\/wp-json\/wp\/v2\/posts\/19382\/revisions\/19384"}],"wp:featuredmedia":[{"embeddable":true,"href":"https:\/\/fiks.ba\/index.php\/wp-json\/wp\/v2\/media\/19383"}],"wp:attachment":[{"href":"https:\/\/fiks.ba\/index.php\/wp-json\/wp\/v2\/media?parent=19382"}],"wp:term":[{"taxonomy":"category","embeddable":true,"href":"https:\/\/fiks.ba\/index.php\/wp-json\/wp\/v2\/categories?post=19382"},{"taxonomy":"post_tag","embeddable":true,"href":"https:\/\/fiks.ba\/index.php\/wp-json\/wp\/v2\/tags?post=19382"}],"curies":[{"name":"wp","href":"https:\/\/api.w.org\/{rel}","templated":true}]}}