{"id":18620,"date":"2024-10-20T14:02:00","date_gmt":"2024-10-20T12:02:00","guid":{"rendered":"https:\/\/fiks.ba\/?p=18620"},"modified":"2024-10-20T13:05:04","modified_gmt":"2024-10-20T11:05:04","slug":"tragicna-sudbina-marinka-oroza-srce-nije-izdrzalo-bol-nakon-poplava-u-fojnici","status":"publish","type":"post","link":"https:\/\/fiks.ba\/index.php\/2024\/10\/20\/tragicna-sudbina-marinka-oroza-srce-nije-izdrzalo-bol-nakon-poplava-u-fojnici\/","title":{"rendered":"Tragi\u010dna sudbina Marinka Oroza: Srce nije izdr\u017ealo bol nakon poplava u Fojnici"},"content":{"rendered":"\n<p class=\"wp-block-paragraph\">Marinko Oroz iz sela Luke, smje\u0161tenog u podru\u010dju Fojnice, pre\u017eivio je razorne poplave koje su nedavno pogodile njegovo mjesto, ali je na\u017ealost njegovo srce podleglo ogromnoj boli.<\/p>\n\n\n\n<p class=\"wp-block-paragraph\">Organizacija Pomozi.ba podijelila je emotivnu poruku njegove k\u0107erke Vanje, koja je opisala bolni gubitak oca i sve \u0161to su oni izgubili tokom prirodne katastrofe. U svojoj poruci, Vanja je istakla kako je njen otac bio \u010duvar sela i da je izgubio sve \u0161to je s ljubavlju gradio i \u010duvao tokom \u017eivota.<\/p>\n\n\n\n<p class=\"wp-block-paragraph\">\u201cNadam se da \u0107e mama biti ja\u010da i da \u0107e se jednog dana vratiti u svoju ku\u0107icu kako bismo ispunili njegovu \u017eelju,\u201d napisala je ona, zahvaljuju\u0107i svima koji su pru\u017eili pomo\u0107 tokom te\u0161kih dana.<\/p>\n\n\n\n<p class=\"wp-block-paragraph\">Njegova sugra\u0111anka, Matea Alikadi\u0107, tako\u0111er je podijelila sje\u0107anja na Marinka, opisuju\u0107i njihov razgovor deset dana prije njegove smrti. Izvijestila je o njegovim brigama i borbi za opstanak nakon poplava, uklju\u010duju\u0107i i gubitak slu\u0161nog aparata koji mu je voda odnijela.<\/p>\n\n\n\n<p class=\"wp-block-paragraph\">Na\u017ealost, dan nakon \u0161to su prona\u0161li odgovaraju\u0107i slu\u0161ni aparat za njega, Marinko je preminuo, ostavljaju\u0107i iza sebe tugu u srcima svojih najmilijih i sugra\u0111ana.<\/p>\n\n\n\n<p class=\"wp-block-paragraph\">Organizacija Pomozi.ba i mnogi drugi pru\u017eili su podr\u0161ku porodici Oroz u ovim te\u0161kim trenucima, a Kerim, volonter iz te organizacije, posebno je istaknut kao dobar \u010duvar koji se brinuo o Marinku i njegovoj porodici.<\/p>\n\n\n\n<p class=\"wp-block-paragraph\">\u201cDragi Marinko, neka ti je laka zemlja! Po\u010divaj u miru,\u201d zavr\u0161ava se emotivna poruka o ljudskoj boli i solidarnosti u te\u0161kim vremenima.<\/p>\n\n\n\n<figure class=\"wp-block-image size-full is-resized\"><img loading=\"lazy\" decoding=\"async\" width=\"526\" height=\"526\" src=\"https:\/\/fiks.ba\/wp-content\/uploads\/2024\/10\/463832270_891984806360196_5180826441098414279_n.jpg\" alt=\"\" class=\"wp-image-18621\" style=\"width:840px;height:auto\"\/><\/figure>\n","protected":false},"excerpt":{"rendered":"<p>Marinko Oroz iz sela Luke, smje\u0161tenog u podru\u010dju Fojnice, pre\u017eivio je razorne poplave koje su nedavno pogodile njegovo mjesto, ali je na\u017ealost njegovo srce podleglo ogromnoj boli. Organizacija Pomozi.ba podijelila je emotivnu poruku njegove k\u0107erke Vanje, koja je opisala bolni gubitak oca i sve \u0161to su oni izgubili tokom prirodne katastrofe. U svojoj poruci, Vanja &hellip;<\/p>\n","protected":false},"author":2,"featured_media":18622,"comment_status":"open","ping_status":"open","sticky":false,"template":"","format":"standard","meta":{"_jetpack_newsletter_access":"","_jetpack_dont_email_post_to_subs":false,"_jetpack_newsletter_tier_id":0,"_jetpack_memberships_contains_paywalled_content":false,"_jetpack_feature_clip_id":0,"_jetpack_memberships_contains_paid_content":false,"footnotes":"","jetpack_publicize_message":"","jetpack_publicize_feature_enabled":true,"jetpack_social_post_already_shared":true,"jetpack_social_options":{"image_generator_settings":{"template":"highway","default_image_id":0,"font":"","enabled":false},"version":2},"jetpack_post_was_ever_published":false},"categories":[110],"tags":[4691,599],"class_list":["post-18620","post","type-post","status-publish","format-standard","has-post-thumbnail","hentry","category-vijesti-top-5","tag-marinko-oroz","tag-poplave"],"yoast_head":"<!-- This site is optimized with the Yoast SEO plugin v27.8 - https:\/\/yoast.com\/product\/yoast-seo-wordpress\/ -->\n<title>Tragi\u010dna sudbina Marinka Oroza: Srce nije izdr\u017ealo bol nakon poplava u Fojnici - Fiks.ba<\/title>\n<meta name=\"robots\" content=\"index, follow, max-snippet:-1, max-image-preview:large, max-video-preview:-1\" \/>\n<link rel=\"canonical\" href=\"https:\/\/fiks.ba\/index.php\/2024\/10\/20\/tragicna-sudbina-marinka-oroza-srce-nije-izdrzalo-bol-nakon-poplava-u-fojnici\/\" \/>\n<meta property=\"og:locale\" content=\"bs_BA\" \/>\n<meta property=\"og:type\" content=\"article\" \/>\n<meta property=\"og:title\" content=\"Tragi\u010dna sudbina Marinka Oroza: Srce nije izdr\u017ealo bol nakon poplava u Fojnici - Fiks.ba\" \/>\n<meta property=\"og:description\" content=\"Marinko Oroz iz sela Luke, smje\u0161tenog u podru\u010dju Fojnice, pre\u017eivio je razorne poplave koje su nedavno pogodile njegovo mjesto, ali je na\u017ealost njegovo srce podleglo ogromnoj boli. Organizacija Pomozi.ba podijelila je emotivnu poruku njegove k\u0107erke Vanje, koja je opisala bolni gubitak oca i sve \u0161to su oni izgubili tokom prirodne katastrofe. U svojoj poruci, Vanja &hellip;\" \/>\n<meta property=\"og:url\" content=\"https:\/\/fiks.ba\/index.php\/2024\/10\/20\/tragicna-sudbina-marinka-oroza-srce-nije-izdrzalo-bol-nakon-poplava-u-fojnici\/\" \/>\n<meta property=\"og:site_name\" content=\"Fiks.ba\" \/>\n<meta property=\"article:author\" content=\"113443950416111\" \/>\n<meta property=\"article:published_time\" content=\"2024-10-20T12:02:00+00:00\" \/>\n<meta property=\"og:image\" content=\"https:\/\/fiks.ba\/wp-content\/uploads\/2024\/10\/463832270_891984806360196_5180826441098414279_n-1.jpg\" \/>\n\t<meta property=\"og:image:width\" content=\"526\" \/>\n\t<meta property=\"og:image:height\" content=\"347\" \/>\n\t<meta property=\"og:image:type\" content=\"image\/jpeg\" \/>\n<meta name=\"author\" content=\"Fiks.ba\" \/>\n<meta name=\"twitter:card\" content=\"summary_large_image\" \/>\n<meta name=\"twitter:label1\" content=\"Written by\" \/>\n\t<meta name=\"twitter:data1\" content=\"Fiks.ba\" \/>\n\t<meta name=\"twitter:label2\" content=\"Est. reading time\" \/>\n\t<meta name=\"twitter:data2\" content=\"2 minute\" \/>\n<script type=\"application\/ld+json\" class=\"yoast-schema-graph\">{\"@context\":\"https:\\\/\\\/schema.org\",\"@graph\":[{\"@type\":\"Article\",\"@id\":\"https:\\\/\\\/fiks.ba\\\/index.php\\\/2024\\\/10\\\/20\\\/tragicna-sudbina-marinka-oroza-srce-nije-izdrzalo-bol-nakon-poplava-u-fojnici\\\/#article\",\"isPartOf\":{\"@id\":\"https:\\\/\\\/fiks.ba\\\/index.php\\\/2024\\\/10\\\/20\\\/tragicna-sudbina-marinka-oroza-srce-nije-izdrzalo-bol-nakon-poplava-u-fojnici\\\/\"},\"author\":{\"name\":\"Fiks.ba\",\"@id\":\"https:\\\/\\\/fiks.ba\\\/#\\\/schema\\\/person\\\/a4e393e61513d1b0cf9da705602dec58\"},\"headline\":\"Tragi\u010dna sudbina Marinka Oroza: Srce nije izdr\u017ealo bol nakon poplava u Fojnici\",\"datePublished\":\"2024-10-20T12:02:00+00:00\",\"mainEntityOfPage\":{\"@id\":\"https:\\\/\\\/fiks.ba\\\/index.php\\\/2024\\\/10\\\/20\\\/tragicna-sudbina-marinka-oroza-srce-nije-izdrzalo-bol-nakon-poplava-u-fojnici\\\/\"},\"wordCount\":276,\"commentCount\":0,\"image\":{\"@id\":\"https:\\\/\\\/fiks.ba\\\/index.php\\\/2024\\\/10\\\/20\\\/tragicna-sudbina-marinka-oroza-srce-nije-izdrzalo-bol-nakon-poplava-u-fojnici\\\/#primaryimage\"},\"thumbnailUrl\":\"https:\\\/\\\/fiks.ba\\\/wp-content\\\/uploads\\\/2024\\\/10\\\/463832270_891984806360196_5180826441098414279_n-1.jpg\",\"keywords\":[\"marinko oroz\",\"Poplave\"],\"articleSection\":[\"Vijesti Top 5\"],\"inLanguage\":\"bs-BA\",\"potentialAction\":[{\"@type\":\"CommentAction\",\"name\":\"Comment\",\"target\":[\"https:\\\/\\\/fiks.ba\\\/index.php\\\/2024\\\/10\\\/20\\\/tragicna-sudbina-marinka-oroza-srce-nije-izdrzalo-bol-nakon-poplava-u-fojnici\\\/#respond\"]}]},{\"@type\":\"WebPage\",\"@id\":\"https:\\\/\\\/fiks.ba\\\/index.php\\\/2024\\\/10\\\/20\\\/tragicna-sudbina-marinka-oroza-srce-nije-izdrzalo-bol-nakon-poplava-u-fojnici\\\/\",\"url\":\"https:\\\/\\\/fiks.ba\\\/index.php\\\/2024\\\/10\\\/20\\\/tragicna-sudbina-marinka-oroza-srce-nije-izdrzalo-bol-nakon-poplava-u-fojnici\\\/\",\"name\":\"Tragi\u010dna sudbina Marinka Oroza: Srce nije izdr\u017ealo bol nakon poplava u Fojnici - Fiks.ba\",\"isPartOf\":{\"@id\":\"https:\\\/\\\/fiks.ba\\\/#website\"},\"primaryImageOfPage\":{\"@id\":\"https:\\\/\\\/fiks.ba\\\/index.php\\\/2024\\\/10\\\/20\\\/tragicna-sudbina-marinka-oroza-srce-nije-izdrzalo-bol-nakon-poplava-u-fojnici\\\/#primaryimage\"},\"image\":{\"@id\":\"https:\\\/\\\/fiks.ba\\\/index.php\\\/2024\\\/10\\\/20\\\/tragicna-sudbina-marinka-oroza-srce-nije-izdrzalo-bol-nakon-poplava-u-fojnici\\\/#primaryimage\"},\"thumbnailUrl\":\"https:\\\/\\\/fiks.ba\\\/wp-content\\\/uploads\\\/2024\\\/10\\\/463832270_891984806360196_5180826441098414279_n-1.jpg\",\"datePublished\":\"2024-10-20T12:02:00+00:00\",\"author\":{\"@id\":\"https:\\\/\\\/fiks.ba\\\/#\\\/schema\\\/person\\\/a4e393e61513d1b0cf9da705602dec58\"},\"breadcrumb\":{\"@id\":\"https:\\\/\\\/fiks.ba\\\/index.php\\\/2024\\\/10\\\/20\\\/tragicna-sudbina-marinka-oroza-srce-nije-izdrzalo-bol-nakon-poplava-u-fojnici\\\/#breadcrumb\"},\"inLanguage\":\"bs-BA\",\"potentialAction\":[{\"@type\":\"ReadAction\",\"target\":[\"https:\\\/\\\/fiks.ba\\\/index.php\\\/2024\\\/10\\\/20\\\/tragicna-sudbina-marinka-oroza-srce-nije-izdrzalo-bol-nakon-poplava-u-fojnici\\\/\"]}]},{\"@type\":\"ImageObject\",\"inLanguage\":\"bs-BA\",\"@id\":\"https:\\\/\\\/fiks.ba\\\/index.php\\\/2024\\\/10\\\/20\\\/tragicna-sudbina-marinka-oroza-srce-nije-izdrzalo-bol-nakon-poplava-u-fojnici\\\/#primaryimage\",\"url\":\"https:\\\/\\\/fiks.ba\\\/wp-content\\\/uploads\\\/2024\\\/10\\\/463832270_891984806360196_5180826441098414279_n-1.jpg\",\"contentUrl\":\"https:\\\/\\\/fiks.ba\\\/wp-content\\\/uploads\\\/2024\\\/10\\\/463832270_891984806360196_5180826441098414279_n-1.jpg\",\"width\":526,\"height\":347},{\"@type\":\"BreadcrumbList\",\"@id\":\"https:\\\/\\\/fiks.ba\\\/index.php\\\/2024\\\/10\\\/20\\\/tragicna-sudbina-marinka-oroza-srce-nije-izdrzalo-bol-nakon-poplava-u-fojnici\\\/#breadcrumb\",\"itemListElement\":[{\"@type\":\"ListItem\",\"position\":1,\"name\":\"Home\",\"item\":\"https:\\\/\\\/fiks.ba\\\/\"},{\"@type\":\"ListItem\",\"position\":2,\"name\":\"Tragi\u010dna sudbina Marinka Oroza: Srce nije izdr\u017ealo bol nakon poplava u Fojnici\"}]},{\"@type\":\"WebSite\",\"@id\":\"https:\\\/\\\/fiks.ba\\\/#website\",\"url\":\"https:\\\/\\\/fiks.ba\\\/\",\"name\":\"Fiks.ba\",\"description\":\"Web portal\",\"potentialAction\":[{\"@type\":\"SearchAction\",\"target\":{\"@type\":\"EntryPoint\",\"urlTemplate\":\"https:\\\/\\\/fiks.ba\\\/?s={search_term_string}\"},\"query-input\":{\"@type\":\"PropertyValueSpecification\",\"valueRequired\":true,\"valueName\":\"search_term_string\"}}],\"inLanguage\":\"bs-BA\"},{\"@type\":\"Person\",\"@id\":\"https:\\\/\\\/fiks.ba\\\/#\\\/schema\\\/person\\\/a4e393e61513d1b0cf9da705602dec58\",\"name\":\"Fiks.ba\",\"image\":{\"@type\":\"ImageObject\",\"inLanguage\":\"bs-BA\",\"@id\":\"https:\\\/\\\/secure.gravatar.com\\\/avatar\\\/87c381ee05f0fddb469f8a0b9b90d7d4c5a3b6eedd5674e223973548eb1deb2e?s=96&d=mm&r=g\",\"url\":\"https:\\\/\\\/secure.gravatar.com\\\/avatar\\\/87c381ee05f0fddb469f8a0b9b90d7d4c5a3b6eedd5674e223973548eb1deb2e?s=96&d=mm&r=g\",\"contentUrl\":\"https:\\\/\\\/secure.gravatar.com\\\/avatar\\\/87c381ee05f0fddb469f8a0b9b90d7d4c5a3b6eedd5674e223973548eb1deb2e?s=96&d=mm&r=g\",\"caption\":\"Fiks.ba\"},\"sameAs\":[\"113443950416111\"],\"url\":\"https:\\\/\\\/fiks.ba\\\/index.php\\\/author\\\/selma\\\/\"}]}<\/script>\n<!-- \/ Yoast SEO plugin. -->","yoast_head_json":{"title":"Tragi\u010dna sudbina Marinka Oroza: Srce nije izdr\u017ealo bol nakon poplava u Fojnici - Fiks.ba","robots":{"index":"index","follow":"follow","max-snippet":"max-snippet:-1","max-image-preview":"max-image-preview:large","max-video-preview":"max-video-preview:-1"},"canonical":"https:\/\/fiks.ba\/index.php\/2024\/10\/20\/tragicna-sudbina-marinka-oroza-srce-nije-izdrzalo-bol-nakon-poplava-u-fojnici\/","og_locale":"bs_BA","og_type":"article","og_title":"Tragi\u010dna sudbina Marinka Oroza: Srce nije izdr\u017ealo bol nakon poplava u Fojnici - Fiks.ba","og_description":"Marinko Oroz iz sela Luke, smje\u0161tenog u podru\u010dju Fojnice, pre\u017eivio je razorne poplave koje su nedavno pogodile njegovo mjesto, ali je na\u017ealost njegovo srce podleglo ogromnoj boli. Organizacija Pomozi.ba podijelila je emotivnu poruku njegove k\u0107erke Vanje, koja je opisala bolni gubitak oca i sve \u0161to su oni izgubili tokom prirodne katastrofe. U svojoj poruci, Vanja &hellip;","og_url":"https:\/\/fiks.ba\/index.php\/2024\/10\/20\/tragicna-sudbina-marinka-oroza-srce-nije-izdrzalo-bol-nakon-poplava-u-fojnici\/","og_site_name":"Fiks.ba","article_author":"113443950416111","article_published_time":"2024-10-20T12:02:00+00:00","og_image":[{"width":526,"height":347,"url":"https:\/\/fiks.ba\/wp-content\/uploads\/2024\/10\/463832270_891984806360196_5180826441098414279_n-1.jpg","type":"image\/jpeg"}],"author":"Fiks.ba","twitter_card":"summary_large_image","twitter_misc":{"Written by":"Fiks.ba","Est. reading time":"2 minute"},"schema":{"@context":"https:\/\/schema.org","@graph":[{"@type":"Article","@id":"https:\/\/fiks.ba\/index.php\/2024\/10\/20\/tragicna-sudbina-marinka-oroza-srce-nije-izdrzalo-bol-nakon-poplava-u-fojnici\/#article","isPartOf":{"@id":"https:\/\/fiks.ba\/index.php\/2024\/10\/20\/tragicna-sudbina-marinka-oroza-srce-nije-izdrzalo-bol-nakon-poplava-u-fojnici\/"},"author":{"name":"Fiks.ba","@id":"https:\/\/fiks.ba\/#\/schema\/person\/a4e393e61513d1b0cf9da705602dec58"},"headline":"Tragi\u010dna sudbina Marinka Oroza: Srce nije izdr\u017ealo bol nakon poplava u Fojnici","datePublished":"2024-10-20T12:02:00+00:00","mainEntityOfPage":{"@id":"https:\/\/fiks.ba\/index.php\/2024\/10\/20\/tragicna-sudbina-marinka-oroza-srce-nije-izdrzalo-bol-nakon-poplava-u-fojnici\/"},"wordCount":276,"commentCount":0,"image":{"@id":"https:\/\/fiks.ba\/index.php\/2024\/10\/20\/tragicna-sudbina-marinka-oroza-srce-nije-izdrzalo-bol-nakon-poplava-u-fojnici\/#primaryimage"},"thumbnailUrl":"https:\/\/fiks.ba\/wp-content\/uploads\/2024\/10\/463832270_891984806360196_5180826441098414279_n-1.jpg","keywords":["marinko oroz","Poplave"],"articleSection":["Vijesti Top 5"],"inLanguage":"bs-BA","potentialAction":[{"@type":"CommentAction","name":"Comment","target":["https:\/\/fiks.ba\/index.php\/2024\/10\/20\/tragicna-sudbina-marinka-oroza-srce-nije-izdrzalo-bol-nakon-poplava-u-fojnici\/#respond"]}]},{"@type":"WebPage","@id":"https:\/\/fiks.ba\/index.php\/2024\/10\/20\/tragicna-sudbina-marinka-oroza-srce-nije-izdrzalo-bol-nakon-poplava-u-fojnici\/","url":"https:\/\/fiks.ba\/index.php\/2024\/10\/20\/tragicna-sudbina-marinka-oroza-srce-nije-izdrzalo-bol-nakon-poplava-u-fojnici\/","name":"Tragi\u010dna sudbina Marinka Oroza: Srce nije izdr\u017ealo bol nakon poplava u Fojnici - Fiks.ba","isPartOf":{"@id":"https:\/\/fiks.ba\/#website"},"primaryImageOfPage":{"@id":"https:\/\/fiks.ba\/index.php\/2024\/10\/20\/tragicna-sudbina-marinka-oroza-srce-nije-izdrzalo-bol-nakon-poplava-u-fojnici\/#primaryimage"},"image":{"@id":"https:\/\/fiks.ba\/index.php\/2024\/10\/20\/tragicna-sudbina-marinka-oroza-srce-nije-izdrzalo-bol-nakon-poplava-u-fojnici\/#primaryimage"},"thumbnailUrl":"https:\/\/fiks.ba\/wp-content\/uploads\/2024\/10\/463832270_891984806360196_5180826441098414279_n-1.jpg","datePublished":"2024-10-20T12:02:00+00:00","author":{"@id":"https:\/\/fiks.ba\/#\/schema\/person\/a4e393e61513d1b0cf9da705602dec58"},"breadcrumb":{"@id":"https:\/\/fiks.ba\/index.php\/2024\/10\/20\/tragicna-sudbina-marinka-oroza-srce-nije-izdrzalo-bol-nakon-poplava-u-fojnici\/#breadcrumb"},"inLanguage":"bs-BA","potentialAction":[{"@type":"ReadAction","target":["https:\/\/fiks.ba\/index.php\/2024\/10\/20\/tragicna-sudbina-marinka-oroza-srce-nije-izdrzalo-bol-nakon-poplava-u-fojnici\/"]}]},{"@type":"ImageObject","inLanguage":"bs-BA","@id":"https:\/\/fiks.ba\/index.php\/2024\/10\/20\/tragicna-sudbina-marinka-oroza-srce-nije-izdrzalo-bol-nakon-poplava-u-fojnici\/#primaryimage","url":"https:\/\/fiks.ba\/wp-content\/uploads\/2024\/10\/463832270_891984806360196_5180826441098414279_n-1.jpg","contentUrl":"https:\/\/fiks.ba\/wp-content\/uploads\/2024\/10\/463832270_891984806360196_5180826441098414279_n-1.jpg","width":526,"height":347},{"@type":"BreadcrumbList","@id":"https:\/\/fiks.ba\/index.php\/2024\/10\/20\/tragicna-sudbina-marinka-oroza-srce-nije-izdrzalo-bol-nakon-poplava-u-fojnici\/#breadcrumb","itemListElement":[{"@type":"ListItem","position":1,"name":"Home","item":"https:\/\/fiks.ba\/"},{"@type":"ListItem","position":2,"name":"Tragi\u010dna sudbina Marinka Oroza: Srce nije izdr\u017ealo bol nakon poplava u Fojnici"}]},{"@type":"WebSite","@id":"https:\/\/fiks.ba\/#website","url":"https:\/\/fiks.ba\/","name":"Fiks.ba","description":"Web portal","potentialAction":[{"@type":"SearchAction","target":{"@type":"EntryPoint","urlTemplate":"https:\/\/fiks.ba\/?s={search_term_string}"},"query-input":{"@type":"PropertyValueSpecification","valueRequired":true,"valueName":"search_term_string"}}],"inLanguage":"bs-BA"},{"@type":"Person","@id":"https:\/\/fiks.ba\/#\/schema\/person\/a4e393e61513d1b0cf9da705602dec58","name":"Fiks.ba","image":{"@type":"ImageObject","inLanguage":"bs-BA","@id":"https:\/\/secure.gravatar.com\/avatar\/87c381ee05f0fddb469f8a0b9b90d7d4c5a3b6eedd5674e223973548eb1deb2e?s=96&d=mm&r=g","url":"https:\/\/secure.gravatar.com\/avatar\/87c381ee05f0fddb469f8a0b9b90d7d4c5a3b6eedd5674e223973548eb1deb2e?s=96&d=mm&r=g","contentUrl":"https:\/\/secure.gravatar.com\/avatar\/87c381ee05f0fddb469f8a0b9b90d7d4c5a3b6eedd5674e223973548eb1deb2e?s=96&d=mm&r=g","caption":"Fiks.ba"},"sameAs":["113443950416111"],"url":"https:\/\/fiks.ba\/index.php\/author\/selma\/"}]}},"jetpack_publicize_connections":[],"jetpack_featured_media_url":"https:\/\/fiks.ba\/wp-content\/uploads\/2024\/10\/463832270_891984806360196_5180826441098414279_n-1.jpg","jetpack_sharing_enabled":true,"_links":{"self":[{"href":"https:\/\/fiks.ba\/index.php\/wp-json\/wp\/v2\/posts\/18620","targetHints":{"allow":["GET"]}}],"collection":[{"href":"https:\/\/fiks.ba\/index.php\/wp-json\/wp\/v2\/posts"}],"about":[{"href":"https:\/\/fiks.ba\/index.php\/wp-json\/wp\/v2\/types\/post"}],"author":[{"embeddable":true,"href":"https:\/\/fiks.ba\/index.php\/wp-json\/wp\/v2\/users\/2"}],"replies":[{"embeddable":true,"href":"https:\/\/fiks.ba\/index.php\/wp-json\/wp\/v2\/comments?post=18620"}],"version-history":[{"count":1,"href":"https:\/\/fiks.ba\/index.php\/wp-json\/wp\/v2\/posts\/18620\/revisions"}],"predecessor-version":[{"id":18623,"href":"https:\/\/fiks.ba\/index.php\/wp-json\/wp\/v2\/posts\/18620\/revisions\/18623"}],"wp:featuredmedia":[{"embeddable":true,"href":"https:\/\/fiks.ba\/index.php\/wp-json\/wp\/v2\/media\/18622"}],"wp:attachment":[{"href":"https:\/\/fiks.ba\/index.php\/wp-json\/wp\/v2\/media?parent=18620"}],"wp:term":[{"taxonomy":"category","embeddable":true,"href":"https:\/\/fiks.ba\/index.php\/wp-json\/wp\/v2\/categories?post=18620"},{"taxonomy":"post_tag","embeddable":true,"href":"https:\/\/fiks.ba\/index.php\/wp-json\/wp\/v2\/tags?post=18620"}],"curies":[{"name":"wp","href":"https:\/\/api.w.org\/{rel}","templated":true}]}}